{"id":34677,"date":"2022-05-03T19:51:29","date_gmt":"2022-05-03T22:51:29","guid":{"rendered":"https:\/\/infovera.com.ar\/web\/?p=34677"},"modified":"2022-05-05T13:07:47","modified_gmt":"2022-05-05T16:07:47","slug":"la-escandalosa-asamblea-del-samco-de-tartagal-llego-a-la-justicia","status":"publish","type":"post","link":"https:\/\/infovera.com.ar\/web\/2022\/05\/03\/la-escandalosa-asamblea-del-samco-de-tartagal-llego-a-la-justicia\/","title":{"rendered":"La escandalosa asamblea del Samco de Tartagal lleg\u00f3 a la justicia"},"content":{"rendered":"<p><strong>La trifulca en la elecci\u00f3n de la comisi\u00f3n del Samco de Tartagal ya tiene su cap\u00edtulo judicial a ra\u00edz de la denuncia que radic\u00f3 la presidenta M\u00f3nica Fabiana Celano en la dependencia policial del pueblo el pasado 29 de abril.<\/strong><\/p>\n<p>En su presentaci\u00f3n en sede policial, Celano dej\u00f3 asentado lo que a su criterio ocurri\u00f3 en la asamblea de renovaci\u00f3n de la comisi\u00f3n del Samco de esa localidad: &#8220;Como presidenta del mismo hice la invitaci\u00f3n a todas las instituciones para los primeros d\u00edas del mes de abril para la asamblea de cambio de comisi\u00f3n, la cual se realiza cada dos a\u00f1os&#8221;, comenz\u00f3 su exposici\u00f3n.<\/p>\n<p>En su l\u00ednea descriptiva, la titular de la comisi\u00f3n del Servicio de Atenci\u00f3n M\u00e9dica a la Comunidad de esa localidad record\u00f3 que al comienzo de la reuni\u00f3n cumpli\u00f3 con el &#8220;protocolo de ir escribiendo el acta, pidiendo la documentaci\u00f3n obligatoria y llegando a mencionar a la Escuela N\u00ba 1104, donde le manifiesto a la representante que se encontraba presente y le muestro la documentaci\u00f3n de dicha instituci\u00f3n que estaba err\u00f3nea, porque faltaba el sello de aval de la Regi\u00f3n 2 de Educaci\u00f3n y la designaci\u00f3n de dos personas designadas&#8221;<\/p>\n<p>Fue en ese momento, cit\u00f3 Celano, que &#8220;el presidente de comuna Nels\u00f3n Elham comenz\u00f3 a agredirme verbalmente,<strong> dici\u00e9ndome &#8216;qu\u00e9 mala leche ten\u00eda&#8217; y que estaba haciendo partidismo con las instituciones que no eran de mi partido pol\u00edtico,<\/strong> y que me hac\u00eda responsable de todas las irregularidades que hab\u00eda en presentaci\u00f3n de las otras instituciones&#8221;.<\/p>\n<p>Acto seguido, dijo que le hizo saber <strong>a un tal Alberto V. que &#8220;\u00e9l no pod\u00eda estar en la reuni\u00f3n&#8221;<\/strong> porque &#8220;tambi\u00e9n le faltaban papeles&#8221;, a lo que &#8220;me reclama levantando el tono de voz&#8221;.<\/p>\n<p><iframe loading=\"lazy\" title=\"La escandalosa asamblea del Samco de Tartagal lleg\u00f3 a la justicia\" width=\"696\" height=\"392\" src=\"https:\/\/www.youtube.com\/embed\/FwdYxO1m6zA?feature=oembed\" frameborder=\"0\" allow=\"accelerometer; autoplay; clipboard-write; encrypted-media; gyroscope; picture-in-picture; web-share\" referrerpolicy=\"strict-origin-when-cross-origin\" allowfullscreen><\/iframe><\/p>\n<p>Celano agreg\u00f3 que ah\u00ed fue cuando volvi\u00f3 a &#8220;intervenir el presidente de comuna diciendo que no se aceptaban los papeles al representante de Asoem y de la Escuela del kil\u00f3metro 14, que \u00e9l se retiraba la reuni\u00f3n con toda su gente&#8221;.<\/p>\n<p>&#8220;Para en tal momento, <strong>estaba descontrolada la situaci\u00f3n con los otros representantes<\/strong>. En eso veo que se acerca el se\u00f1or V. pidi\u00e9ndome la documentaci\u00f3n de todas las instituciones, pero al negarme a entregarla porque era mi \u00fanico respaldo ante el Ministerio de Salud, el mismo me manotea del escritorio toda la documentaci\u00f3n saliendo para la galer\u00eda del Hospital&#8221;, a\u00f1adi\u00f3 en su dichos.<\/p>\n<p>Al solicitarle que la misma sea devuelta, V. comienza a &#8220;insultarme verbalmente con palabras que da\u00f1an la moral y las buenas costumbres y comienza a agredirme f\u00edsicamente continuando el forcejeo donde me lastima la mu\u00f1eca izquierda, como as\u00ed tambi\u00e9n hace el intento de separarme coloc\u00e1ndome una mano en el cuello; viendo esto N. P., R. G. y H. G. lo alcanzaron a sacar de mi lado y a gritarle que me suelte&#8221;, afirm\u00f3.<\/p>\n<p>&#8220;Pude quedarme con el libro de acta&#8221;, subray\u00f3, para luego expresar: &#8220;<strong>Quiero dejar expuesto esto porque temo por mi integridad f\u00edsica&#8221;.<\/strong><\/p>\n<p>El estudio jur\u00eddico Sixto Gonz\u00e1lez y Asociados patrocina a los denunciantes.<\/p>\n","protected":false},"excerpt":{"rendered":"<p>La trifulca en la elecci\u00f3n de la comisi\u00f3n del Samco de Tartagal ya tiene su cap\u00edtulo judicial a ra\u00edz de la denuncia que radic\u00f3 la presidenta M\u00f3nica Fabiana Celano en la dependencia policial del pueblo el pasado 29 de abril. En su presentaci\u00f3n en sede policial, Celano dej\u00f3 asentado lo que a su criterio ocurri\u00f3 [&hellip;]<\/p>\n","protected":false},"author":3,"featured_media":34680,"comment_status":"closed","ping_status":"closed","sticky":false,"template":"","format":"standard","meta":{"_joinchat":[],"footnotes":""},"categories":[51,30],"tags":[],"class_list":{"0":"post-34677","1":"post","2":"type-post","3":"status-publish","4":"format-standard","5":"has-post-thumbnail","7":"category-locales","8":"category-policiales"},"_links":{"self":[{"href":"https:\/\/infovera.com.ar\/web\/wp-json\/wp\/v2\/posts\/34677","targetHints":{"allow":["GET"]}}],"collection":[{"href":"https:\/\/infovera.com.ar\/web\/wp-json\/wp\/v2\/posts"}],"about":[{"href":"https:\/\/infovera.com.ar\/web\/wp-json\/wp\/v2\/types\/post"}],"author":[{"embeddable":true,"href":"https:\/\/infovera.com.ar\/web\/wp-json\/wp\/v2\/users\/3"}],"replies":[{"embeddable":true,"href":"https:\/\/infovera.com.ar\/web\/wp-json\/wp\/v2\/comments?post=34677"}],"version-history":[{"count":0,"href":"https:\/\/infovera.com.ar\/web\/wp-json\/wp\/v2\/posts\/34677\/revisions"}],"wp:featuredmedia":[{"embeddable":true,"href":"https:\/\/infovera.com.ar\/web\/wp-json\/wp\/v2\/media\/34680"}],"wp:attachment":[{"href":"https:\/\/infovera.com.ar\/web\/wp-json\/wp\/v2\/media?parent=34677"}],"wp:term":[{"taxonomy":"category","embeddable":true,"href":"https:\/\/infovera.com.ar\/web\/wp-json\/wp\/v2\/categories?post=34677"},{"taxonomy":"post_tag","embeddable":true,"href":"https:\/\/infovera.com.ar\/web\/wp-json\/wp\/v2\/tags?post=34677"}],"curies":[{"name":"wp","href":"https:\/\/api.w.org\/{rel}","templated":true}]}}