{"id":34596,"date":"2022-05-01T21:47:43","date_gmt":"2022-05-02T00:47:43","guid":{"rendered":"https:\/\/infovera.com.ar\/web\/?p=34596"},"modified":"2022-05-01T21:50:32","modified_gmt":"2022-05-02T00:50:32","slug":"creo-sesiono-en-vera-con-la-vista-puesta-en-2023","status":"publish","type":"post","link":"https:\/\/infovera.com.ar\/web\/2022\/05\/01\/creo-sesiono-en-vera-con-la-vista-puesta-en-2023\/","title":{"rendered":"Creo sesion\u00f3 en Vera con la vista puesta en 2023"},"content":{"rendered":"<p><strong>La Mesa Partidaria Provincial del Partido Creo se reuni\u00f3 en esta ciudad.<\/strong><\/p>\n<p>&#8220;Creemos en unir, en crear cada uno de nuestros espacios de la mano de nuestro intendente Pablo Javkin, con cercan\u00eda, escucha y trabajo diario&#8221;, refirieron los dirigentes en el c\u00f3nclave que tuvo lugar en el sal\u00f3n de eventos de la Sociedad Rural de Vera.<\/p>\n<p>El encuentro fue encabezado por el presidente de Creo, Mariano Roca, y estuvo presente el diputado provincial Ariel Berm\u00fadez. Fue la tercera cita de la Mesa Partidaria Provincial, que esta vez sesion\u00f3 en Vera, uno de sus bastiones pol\u00edticos de la mano de la intendente Paula Mitre y los concejales Marcos Rubianes y Nancy Senn.<\/p>\n<p>&#8220;Con los militantes de Vera nos llevamos aprendizajes desde las distintas experiencias que intercambiamos. Celebramos volver a vernos en estos espacios de di\u00e1logo y propuestas, para entre todxs asumir nuevos desaf\u00edos. Seguimos creando cada una de nuestras ciudades y nuestra provincia, con el mismo compromiso y la garra de siempre&#8221;, destac\u00f3 la conducci\u00f3n.<\/p>\n","protected":false},"excerpt":{"rendered":"<p>La Mesa Partidaria Provincial del Partido Creo se reuni\u00f3 en esta ciudad. &#8220;Creemos en unir, en crear cada uno de nuestros espacios de la mano de nuestro intendente Pablo Javkin, con cercan\u00eda, escucha y trabajo diario&#8221;, refirieron los dirigentes en el c\u00f3nclave que tuvo lugar en el sal\u00f3n de eventos de la Sociedad Rural de [&hellip;]<\/p>\n","protected":false},"author":3,"featured_media":34597,"comment_status":"closed","ping_status":"closed","sticky":false,"template":"","format":"standard","meta":{"_joinchat":[],"footnotes":""},"categories":[53],"tags":[],"class_list":{"0":"post-34596","1":"post","2":"type-post","3":"status-publish","4":"format-standard","5":"has-post-thumbnail","7":"category-vera"},"_links":{"self":[{"href":"https:\/\/infovera.com.ar\/web\/wp-json\/wp\/v2\/posts\/34596","targetHints":{"allow":["GET"]}}],"collection":[{"href":"https:\/\/infovera.com.ar\/web\/wp-json\/wp\/v2\/posts"}],"about":[{"href":"https:\/\/infovera.com.ar\/web\/wp-json\/wp\/v2\/types\/post"}],"author":[{"embeddable":true,"href":"https:\/\/infovera.com.ar\/web\/wp-json\/wp\/v2\/users\/3"}],"replies":[{"embeddable":true,"href":"https:\/\/infovera.com.ar\/web\/wp-json\/wp\/v2\/comments?post=34596"}],"version-history":[{"count":0,"href":"https:\/\/infovera.com.ar\/web\/wp-json\/wp\/v2\/posts\/34596\/revisions"}],"wp:featuredmedia":[{"embeddable":true,"href":"https:\/\/infovera.com.ar\/web\/wp-json\/wp\/v2\/media\/34597"}],"wp:attachment":[{"href":"https:\/\/infovera.com.ar\/web\/wp-json\/wp\/v2\/media?parent=34596"}],"wp:term":[{"taxonomy":"category","embeddable":true,"href":"https:\/\/infovera.com.ar\/web\/wp-json\/wp\/v2\/categories?post=34596"},{"taxonomy":"post_tag","embeddable":true,"href":"https:\/\/infovera.com.ar\/web\/wp-json\/wp\/v2\/tags?post=34596"}],"curies":[{"name":"wp","href":"https:\/\/api.w.org\/{rel}","templated":true}]}}