{"id":34588,"date":"2022-05-01T21:22:06","date_gmt":"2022-05-02T00:22:06","guid":{"rendered":"https:\/\/infovera.com.ar\/web\/?p=34588"},"modified":"2022-05-01T21:22:06","modified_gmt":"2022-05-02T00:22:06","slug":"rossi-y-busatto-encabezaron-el-encuentro-de-la-corriente-nacional-de-la-militancia","status":"publish","type":"post","link":"https:\/\/infovera.com.ar\/web\/2022\/05\/01\/rossi-y-busatto-encabezaron-el-encuentro-de-la-corriente-nacional-de-la-militancia\/","title":{"rendered":"Rossi y Busatto encabezaron el encuentro de la Corriente Nacional de la Militancia"},"content":{"rendered":"<p><strong>M\u00e1s de 200 dirigentes del norte de la provincia participaron del encuentro &#8220;Santa Fe Presente y Futuro&#8221;, en la ciudad de Reconquista, organizado por La Corriente Nacional de la Militancia.<\/strong><\/p>\n<p>\u201cQueremos un peronismo unido, s\u00ed, pero tambi\u00e9n queremos un peronismo m\u00e1s diverso, con m\u00e1s color. Lo que vemos hoy es un peronismo monocrom\u00e1tico, donde todo es a imagen y semejanza de un solo dirigente\u201d. \u201cQueremos un camino distinto, que tambi\u00e9n incluye lo generacional. Nuestra propuesta empieza a mezclar la persistencia, la historia, con caras nuevas, con nuevos sue\u00f1os, que refuerzan lo que hemos hecho pensando en el futuro\u201d, destac\u00f3 el diputado Leandro Busatto,precandidato a gobernador<\/p>\n<p>\u201cSin unidad es imposible pensar en ganar las elecciones. Si el Frente de Todos se divide le sirve en bandeja el triunfo a la derecha. La interna del Frente de Todos no le resuelve nada a nadie\u201d, enfatiz\u00f3 Agust\u00edn Rossi.<\/p>\n<p>El encuentro tuvo lugar en el Club Policial de Reconquista y estuvo presente el referente verense Alejandro &#8220;Oso&#8221; Bustos.<\/p>\n","protected":false},"excerpt":{"rendered":"<p>M\u00e1s de 200 dirigentes del norte de la provincia participaron del encuentro &#8220;Santa Fe Presente y Futuro&#8221;, en la ciudad de Reconquista, organizado por La Corriente Nacional de la Militancia. \u201cQueremos un peronismo unido, s\u00ed, pero tambi\u00e9n queremos un peronismo m\u00e1s diverso, con m\u00e1s color. Lo que vemos hoy es un peronismo monocrom\u00e1tico, donde todo [&hellip;]<\/p>\n","protected":false},"author":3,"featured_media":34589,"comment_status":"closed","ping_status":"closed","sticky":false,"template":"","format":"standard","meta":{"_joinchat":[],"footnotes":""},"categories":[66],"tags":[],"class_list":{"0":"post-34588","1":"post","2":"type-post","3":"status-publish","4":"format-standard","5":"has-post-thumbnail","7":"category-politica"},"_links":{"self":[{"href":"https:\/\/infovera.com.ar\/web\/wp-json\/wp\/v2\/posts\/34588","targetHints":{"allow":["GET"]}}],"collection":[{"href":"https:\/\/infovera.com.ar\/web\/wp-json\/wp\/v2\/posts"}],"about":[{"href":"https:\/\/infovera.com.ar\/web\/wp-json\/wp\/v2\/types\/post"}],"author":[{"embeddable":true,"href":"https:\/\/infovera.com.ar\/web\/wp-json\/wp\/v2\/users\/3"}],"replies":[{"embeddable":true,"href":"https:\/\/infovera.com.ar\/web\/wp-json\/wp\/v2\/comments?post=34588"}],"version-history":[{"count":0,"href":"https:\/\/infovera.com.ar\/web\/wp-json\/wp\/v2\/posts\/34588\/revisions"}],"wp:featuredmedia":[{"embeddable":true,"href":"https:\/\/infovera.com.ar\/web\/wp-json\/wp\/v2\/media\/34589"}],"wp:attachment":[{"href":"https:\/\/infovera.com.ar\/web\/wp-json\/wp\/v2\/media?parent=34588"}],"wp:term":[{"taxonomy":"category","embeddable":true,"href":"https:\/\/infovera.com.ar\/web\/wp-json\/wp\/v2\/categories?post=34588"},{"taxonomy":"post_tag","embeddable":true,"href":"https:\/\/infovera.com.ar\/web\/wp-json\/wp\/v2\/tags?post=34588"}],"curies":[{"name":"wp","href":"https:\/\/api.w.org\/{rel}","templated":true}]}}