{"id":34485,"date":"2022-04-28T14:37:31","date_gmt":"2022-04-28T17:37:31","guid":{"rendered":"https:\/\/infovera.com.ar\/web\/?p=34485"},"modified":"2022-04-28T14:37:31","modified_gmt":"2022-04-28T17:37:31","slug":"brilloni-asumio-como-nuevo-secretario-de-seguridad-publica-de-la-provincia","status":"publish","type":"post","link":"https:\/\/infovera.com.ar\/web\/2022\/04\/28\/brilloni-asumio-como-nuevo-secretario-de-seguridad-publica-de-la-provincia\/","title":{"rendered":"Brilloni asumi\u00f3 como nuevo secretario de Seguridad P\u00fablica de la provincia"},"content":{"rendered":"<p>El gobierno de la provincia, a trav\u00e9s del Ministerio de Seguridad, puso en funciones al nuevo secretario de Seguridad P\u00fablica, Claudio Brilloni, quien hasta el momento se desempe\u00f1aba como subsecretario de Prevenci\u00f3n y Control Urbano.<\/p>\n<p>Este mi\u00e9rcoles, en la sede de gobierno de Rosario, el ministro del \u00e1rea, Jorge Lagna, encabez\u00f3 el acto de asunci\u00f3n en donde expres\u00f3: \u201cEstamos convencidos, con el gobernador Omar Perotti, que Claudio Brilloni es el secretario de Seguridad que necesitamos, con una conducci\u00f3n f\u00e9rrea, con una basta experiencia en seguridad y con un profundo trabajo que ven\u00eda llevando adelante en la subsecretaria de control\u201d.<\/p>\n<p>\u201cNosotros tenemos un equipo que viene trabajando desde el territorio y la prevenci\u00f3n, estos cambios vienen a fortalecer y jerarquizar lo hecho hasta ahora\u201d, sum\u00f3.<\/p>\n<p>As\u00ed mismo el nuevo secretario de Seguridad Publica, Claudio Brilloni, manifest\u00f3: \u201cAsumo este nuevo cargo con gran responsabilidad, duplicando el esfuerzo y el trabajo en conjunto con la justicia, la pol\u00edtica, los vecinos, los sindicatos y las fuerzas provinciales y federales\u201d.<\/p>\n","protected":false},"excerpt":{"rendered":"<p>El gobierno de la provincia, a trav\u00e9s del Ministerio de Seguridad, puso en funciones al nuevo secretario de Seguridad P\u00fablica, Claudio Brilloni, quien hasta el momento se desempe\u00f1aba como subsecretario de Prevenci\u00f3n y Control Urbano. Este mi\u00e9rcoles, en la sede de gobierno de Rosario, el ministro del \u00e1rea, Jorge Lagna, encabez\u00f3 el acto de asunci\u00f3n [&hellip;]<\/p>\n","protected":false},"author":3,"featured_media":34486,"comment_status":"closed","ping_status":"closed","sticky":false,"template":"","format":"standard","meta":{"_joinchat":[],"footnotes":""},"categories":[60],"tags":[],"class_list":{"0":"post-34485","1":"post","2":"type-post","3":"status-publish","4":"format-standard","5":"has-post-thumbnail","7":"category-provinciales"},"_links":{"self":[{"href":"https:\/\/infovera.com.ar\/web\/wp-json\/wp\/v2\/posts\/34485","targetHints":{"allow":["GET"]}}],"collection":[{"href":"https:\/\/infovera.com.ar\/web\/wp-json\/wp\/v2\/posts"}],"about":[{"href":"https:\/\/infovera.com.ar\/web\/wp-json\/wp\/v2\/types\/post"}],"author":[{"embeddable":true,"href":"https:\/\/infovera.com.ar\/web\/wp-json\/wp\/v2\/users\/3"}],"replies":[{"embeddable":true,"href":"https:\/\/infovera.com.ar\/web\/wp-json\/wp\/v2\/comments?post=34485"}],"version-history":[{"count":0,"href":"https:\/\/infovera.com.ar\/web\/wp-json\/wp\/v2\/posts\/34485\/revisions"}],"wp:featuredmedia":[{"embeddable":true,"href":"https:\/\/infovera.com.ar\/web\/wp-json\/wp\/v2\/media\/34486"}],"wp:attachment":[{"href":"https:\/\/infovera.com.ar\/web\/wp-json\/wp\/v2\/media?parent=34485"}],"wp:term":[{"taxonomy":"category","embeddable":true,"href":"https:\/\/infovera.com.ar\/web\/wp-json\/wp\/v2\/categories?post=34485"},{"taxonomy":"post_tag","embeddable":true,"href":"https:\/\/infovera.com.ar\/web\/wp-json\/wp\/v2\/tags?post=34485"}],"curies":[{"name":"wp","href":"https:\/\/api.w.org\/{rel}","templated":true}]}}