{"id":34479,"date":"2022-04-28T14:23:02","date_gmt":"2022-04-28T17:23:02","guid":{"rendered":"https:\/\/infovera.com.ar\/web\/?p=34479"},"modified":"2022-04-28T14:24:00","modified_gmt":"2022-04-28T17:24:00","slug":"volvo-un-camion-sobre-la-ruta-11-en-jurisdiccion-de-pedro-gomez-cello","status":"publish","type":"post","link":"https:\/\/infovera.com.ar\/web\/2022\/04\/28\/volvo-un-camion-sobre-la-ruta-11-en-jurisdiccion-de-pedro-gomez-cello\/","title":{"rendered":"Volv\u00f3 un cami\u00f3n sobre la Ruta 11, en jurisdicci\u00f3n de Pedro G\u00f3mez Cello"},"content":{"rendered":"<p><strong>Fue esta siesta cuando, al parecer, mordi\u00f3 la banquina. Termin\u00f3 de costado, sobre la cinta asf\u00e1ltica. Es de procedecencia paraguaya. No habr\u00eda lesionados.\u00a0<\/strong><\/p>\n<p>Noticia en desarrollo.<\/p>\n<div class=\"wp-playlist wp-video-playlist wp-playlist-light\">\n\t\t<video controls=\"controls\" preload=\"none\" width=\"674\"\n\t\t height=\"1227\"\t><\/video>\n\t<div class=\"wp-playlist-next\"><\/div>\n\t<div class=\"wp-playlist-prev\"><\/div>\n\t<noscript>\n\t<ol>\n\t\t<li><a href='https:\/\/infovera.com.ar\/web\/wp-content\/uploads\/2022\/04\/acc.mp4'>acc<\/a><\/li>\t<\/ol>\n\t<\/noscript>\n\t<script type=\"application\/json\" class=\"wp-playlist-script\">{\"type\":\"video\",\"tracklist\":true,\"tracknumbers\":true,\"images\":true,\"artists\":true,\"tracks\":[{\"src\":\"https:\/\/infovera.com.ar\/web\/wp-content\/uploads\/2022\/04\/acc.mp4\",\"type\":\"video\/mp4\",\"title\":\"acc\",\"caption\":\"\",\"description\":\"\",\"meta\":{\"length_formatted\":\"0:45\"},\"dimensions\":{\"original\":{\"width\":234,\"height\":426},\"resized\":{\"width\":674,\"height\":1227}},\"image\":{\"src\":\"https:\/\/infovera.com.ar\/web\/wp-includes\/images\/media\/video.svg\",\"width\":48,\"height\":64},\"thumb\":{\"src\":\"https:\/\/infovera.com.ar\/web\/wp-includes\/images\/media\/video.svg\",\"width\":48,\"height\":64}}]}<\/script>\n<\/div>\n\t\n<p>Foto: Walter Cardonatti<\/p>\n<p>&nbsp;<\/p>\n","protected":false},"excerpt":{"rendered":"<p>Fue esta siesta cuando, al parecer, mordi\u00f3 la banquina. Termin\u00f3 de costado, sobre la cinta asf\u00e1ltica. Es de procedecencia paraguaya. No habr\u00eda lesionados.\u00a0 Noticia en desarrollo. Foto: Walter Cardonatti &nbsp;<\/p>\n","protected":false},"author":3,"featured_media":34481,"comment_status":"closed","ping_status":"closed","sticky":false,"template":"","format":"standard","meta":{"_joinchat":[],"footnotes":""},"categories":[51,30],"tags":[],"class_list":{"0":"post-34479","1":"post","2":"type-post","3":"status-publish","4":"format-standard","5":"has-post-thumbnail","7":"category-locales","8":"category-policiales"},"_links":{"self":[{"href":"https:\/\/infovera.com.ar\/web\/wp-json\/wp\/v2\/posts\/34479","targetHints":{"allow":["GET"]}}],"collection":[{"href":"https:\/\/infovera.com.ar\/web\/wp-json\/wp\/v2\/posts"}],"about":[{"href":"https:\/\/infovera.com.ar\/web\/wp-json\/wp\/v2\/types\/post"}],"author":[{"embeddable":true,"href":"https:\/\/infovera.com.ar\/web\/wp-json\/wp\/v2\/users\/3"}],"replies":[{"embeddable":true,"href":"https:\/\/infovera.com.ar\/web\/wp-json\/wp\/v2\/comments?post=34479"}],"version-history":[{"count":0,"href":"https:\/\/infovera.com.ar\/web\/wp-json\/wp\/v2\/posts\/34479\/revisions"}],"wp:featuredmedia":[{"embeddable":true,"href":"https:\/\/infovera.com.ar\/web\/wp-json\/wp\/v2\/media\/34481"}],"wp:attachment":[{"href":"https:\/\/infovera.com.ar\/web\/wp-json\/wp\/v2\/media?parent=34479"}],"wp:term":[{"taxonomy":"category","embeddable":true,"href":"https:\/\/infovera.com.ar\/web\/wp-json\/wp\/v2\/categories?post=34479"},{"taxonomy":"post_tag","embeddable":true,"href":"https:\/\/infovera.com.ar\/web\/wp-json\/wp\/v2\/tags?post=34479"}],"curies":[{"name":"wp","href":"https:\/\/api.w.org\/{rel}","templated":true}]}}