{"id":34347,"date":"2022-04-25T14:01:52","date_gmt":"2022-04-25T17:01:52","guid":{"rendered":"https:\/\/infovera.com.ar\/web\/?p=34347"},"modified":"2022-04-25T14:01:52","modified_gmt":"2022-04-25T17:01:52","slug":"amsafe-vera-estuvo-presente-en-el-cincuentenario-de-la-escuela-de-estancia-las-aves","status":"publish","type":"post","link":"https:\/\/infovera.com.ar\/web\/2022\/04\/25\/amsafe-vera-estuvo-presente-en-el-cincuentenario-de-la-escuela-de-estancia-las-aves\/","title":{"rendered":"Amsafe Vera estuvo presente en el cincuentenario de la Escuela de Estancia &#8220;Las Aves&#8221;"},"content":{"rendered":"<p><strong>Amsafe Vera particip\u00f3 del festejo del Cincuentenario de la Escuela N\u00ba 6428, de Estancia &#8220;Las Aves&#8221;.<\/strong><\/p>\n<p>La delegada seccional Nelcy Suligoy, junto a Claudia Dur\u00e1n y Eva Lacuadra, acompa\u00f1aron a la directora Andrea Delgado en tan grato acontecimiento.<\/p>\n<p>&#8220;Felicitaciones por la organizaci\u00f3n de un evento tan significativo para la comunidad educativa de esa zona en el distrito Calchaqu\u00ed&#8221;, expresaron.<\/p>\n","protected":false},"excerpt":{"rendered":"<p>Amsafe Vera particip\u00f3 del festejo del Cincuentenario de la Escuela N\u00ba 6428, de Estancia &#8220;Las Aves&#8221;. La delegada seccional Nelcy Suligoy, junto a Claudia Dur\u00e1n y Eva Lacuadra, acompa\u00f1aron a la directora Andrea Delgado en tan grato acontecimiento. &#8220;Felicitaciones por la organizaci\u00f3n de un evento tan significativo para la comunidad educativa de esa zona en [&hellip;]<\/p>\n","protected":false},"author":3,"featured_media":34348,"comment_status":"closed","ping_status":"closed","sticky":false,"template":"","format":"standard","meta":{"_joinchat":[],"footnotes":""},"categories":[51],"tags":[],"class_list":{"0":"post-34347","1":"post","2":"type-post","3":"status-publish","4":"format-standard","5":"has-post-thumbnail","7":"category-locales"},"_links":{"self":[{"href":"https:\/\/infovera.com.ar\/web\/wp-json\/wp\/v2\/posts\/34347","targetHints":{"allow":["GET"]}}],"collection":[{"href":"https:\/\/infovera.com.ar\/web\/wp-json\/wp\/v2\/posts"}],"about":[{"href":"https:\/\/infovera.com.ar\/web\/wp-json\/wp\/v2\/types\/post"}],"author":[{"embeddable":true,"href":"https:\/\/infovera.com.ar\/web\/wp-json\/wp\/v2\/users\/3"}],"replies":[{"embeddable":true,"href":"https:\/\/infovera.com.ar\/web\/wp-json\/wp\/v2\/comments?post=34347"}],"version-history":[{"count":0,"href":"https:\/\/infovera.com.ar\/web\/wp-json\/wp\/v2\/posts\/34347\/revisions"}],"wp:featuredmedia":[{"embeddable":true,"href":"https:\/\/infovera.com.ar\/web\/wp-json\/wp\/v2\/media\/34348"}],"wp:attachment":[{"href":"https:\/\/infovera.com.ar\/web\/wp-json\/wp\/v2\/media?parent=34347"}],"wp:term":[{"taxonomy":"category","embeddable":true,"href":"https:\/\/infovera.com.ar\/web\/wp-json\/wp\/v2\/categories?post=34347"},{"taxonomy":"post_tag","embeddable":true,"href":"https:\/\/infovera.com.ar\/web\/wp-json\/wp\/v2\/tags?post=34347"}],"curies":[{"name":"wp","href":"https:\/\/api.w.org\/{rel}","templated":true}]}}