{"id":34338,"date":"2022-04-25T12:31:11","date_gmt":"2022-04-25T15:31:11","guid":{"rendered":"https:\/\/infovera.com.ar\/web\/?p=34338"},"modified":"2022-04-25T12:31:11","modified_gmt":"2022-04-25T15:31:11","slug":"oscar-martinez-el-robo-de-cables-ya-es-un-delito-organizado-en-la-provincia-de-santa-fe","status":"publish","type":"post","link":"https:\/\/infovera.com.ar\/web\/2022\/04\/25\/oscar-martinez-el-robo-de-cables-ya-es-un-delito-organizado-en-la-provincia-de-santa-fe\/","title":{"rendered":"Oscar Mart\u00ednez: \u201cEl robo de cables ya es un delito organizado en la provincia de Santa Fe\u201d"},"content":{"rendered":"<p>El legislador del Frente Renovador-PJ present\u00f3 un proyecto que fue aprobado en la \u00faltima sesi\u00f3n de la C\u00e1mara de Diputados. En el mismo se convoca para el mes de mayo a una Audiencia P\u00fablica para tratar de frenar este delito que desde hace tiempo crece exponencialmente en la provincia de Santa Fe.<\/p>\n<p>Desde hace ya varios meses que los robos de cables tanto de luz como de telefon\u00eda e internet han dejado de ser hechos espor\u00e1dicos y circunstanciales para convertirse en una constante. Se trata de los cables que se encuentran en la v\u00eda p\u00fablica, que pertenecen a las conexiones el\u00e9ctricas de la Empresa Provincial de Energ\u00eda y a las empresas y cooperativas que prestan servicios de telefon\u00eda y de internet.<\/p>\n<p>Para la Audiencia se covocar\u00e1 a autoridades del Ministerio de Seguridad, a Fiscales del Ministerio P\u00fablico de la Acusaci\u00f3n, a la Empresa Provincial de la Energ\u00eda, al delegado del Ente Nacional de Comunicaciones, empresas y Cooperativas prestadoras de servicios, \u00c1reas de Defensa del Consumidor de Municipios, a las autoridades del Programa Santa Fe + Conectada, y a daminificados particulares. Se realizar\u00e1 en la ciudad de Rosario y se podr\u00e1 acceder tambi\u00e9n de manera virtual.<\/p>\n<p>Consultado acerca del tema, el legislador afirm\u00f3 que \u201c El robo sistem\u00e1tico de cables en la v\u00eda p\u00fablica dej\u00f3 de ser algo circunstancial para convertirse en una nueva modalidad delictiva organizada que cuenta con un enorme mercado negro donde se compra y se vende el cobre robado. Adem\u00e1s de que son claros hechos delictivos, esta situaci\u00f3n perjudica seriamente a instituciones y particulares que son v\u00edctimas \u201d, explic\u00f3 Mart\u00ednez al ser consultado sobre el proyecto.<\/p>\n<p>\u201cDesde dependencias estatales, como ser un Centro de Distrito Municipal en Rosario (donde se realizan tr\u00e1mites de DNI o carnet de conducir), pasando por instituciones educativas y alcanzando tambi\u00e9n a particulares, pero no de forma individual sino en barrios enteros, son muchos los ciudadanos y ciudadanas que se ven perjudicados. En efecto, las instituciones al quedarse sin tel\u00e9fono e Internet reducen notoriamente su capacidad operativa, y sin luz directamente no pueden abrir. Hay instituciones educativas que, por ejemplo, no han podido comenzar las clases a raz\u00f3n de estos hechos. En el caso de los particulares, la problem\u00e1tica es id\u00e9ntica afectando el normal funcionamiento de la vida y su calidad, dada la enorme dependencia que cualquier vivienda tiene de la luz el\u00e9ctrica y la importancia de la conectividad para cualquiera tarea esencial, como ser estudiar y trabajar. Seg\u00fan fuentes que hemos consultado, solo a modo de ejemplo en Rosario en dos meses se registraron 400 hechos\u201d, agreg\u00f3.<\/p>\n<p>Ante la consulta acerca de la necesidad de la Audiencia P\u00fablica, el legislador resalt\u00f3 que \u201cCreemos que es responsabilidad de la Legislatura convocar a un \u00e1mbito de di\u00e1logo a todos los involucrados en esta situaci\u00f3n para buscar las formas de hacer frente a esta problem\u00e1tica y dar respuestas que la ciudadan\u00eda exige y se merece. Cuantos son los hechos registrados en sedes policiales, cuantas denuncias han llegado al MPA y c\u00f3mo se las est\u00e1 investigando, que se est\u00e1 haciendo desde el Ministerio de Seguridad para terminar con este tipo de delitos y con el mercado negro que ha generado, y tambi\u00e9n escuchar a las empresas y Cooperativas damnificadas como as\u00ed tambi\u00e9n a directivos de instituciones y particulares afectados.\u201d<\/p>\n<p>&nbsp;<\/p>\n<p>&nbsp;<\/p>\n<p>&nbsp;<\/p>\n<p>&nbsp;<\/p>\n<p>&nbsp;<\/p>\n<p>&nbsp;<\/p>\n","protected":false},"excerpt":{"rendered":"<p>El legislador del Frente Renovador-PJ present\u00f3 un proyecto que fue aprobado en la \u00faltima sesi\u00f3n de la C\u00e1mara de Diputados. En el mismo se convoca para el mes de mayo a una Audiencia P\u00fablica para tratar de frenar este delito que desde hace tiempo crece exponencialmente en la provincia de Santa Fe. Desde hace ya [&hellip;]<\/p>\n","protected":false},"author":3,"featured_media":34339,"comment_status":"closed","ping_status":"closed","sticky":false,"template":"","format":"standard","meta":{"_joinchat":[],"footnotes":""},"categories":[66],"tags":[],"class_list":{"0":"post-34338","1":"post","2":"type-post","3":"status-publish","4":"format-standard","5":"has-post-thumbnail","7":"category-politica"},"_links":{"self":[{"href":"https:\/\/infovera.com.ar\/web\/wp-json\/wp\/v2\/posts\/34338","targetHints":{"allow":["GET"]}}],"collection":[{"href":"https:\/\/infovera.com.ar\/web\/wp-json\/wp\/v2\/posts"}],"about":[{"href":"https:\/\/infovera.com.ar\/web\/wp-json\/wp\/v2\/types\/post"}],"author":[{"embeddable":true,"href":"https:\/\/infovera.com.ar\/web\/wp-json\/wp\/v2\/users\/3"}],"replies":[{"embeddable":true,"href":"https:\/\/infovera.com.ar\/web\/wp-json\/wp\/v2\/comments?post=34338"}],"version-history":[{"count":0,"href":"https:\/\/infovera.com.ar\/web\/wp-json\/wp\/v2\/posts\/34338\/revisions"}],"wp:featuredmedia":[{"embeddable":true,"href":"https:\/\/infovera.com.ar\/web\/wp-json\/wp\/v2\/media\/34339"}],"wp:attachment":[{"href":"https:\/\/infovera.com.ar\/web\/wp-json\/wp\/v2\/media?parent=34338"}],"wp:term":[{"taxonomy":"category","embeddable":true,"href":"https:\/\/infovera.com.ar\/web\/wp-json\/wp\/v2\/categories?post=34338"},{"taxonomy":"post_tag","embeddable":true,"href":"https:\/\/infovera.com.ar\/web\/wp-json\/wp\/v2\/tags?post=34338"}],"curies":[{"name":"wp","href":"https:\/\/api.w.org\/{rel}","templated":true}]}}