{"id":34335,"date":"2022-04-25T12:26:57","date_gmt":"2022-04-25T15:26:57","guid":{"rendered":"https:\/\/infovera.com.ar\/web\/?p=34335"},"modified":"2022-04-25T12:26:57","modified_gmt":"2022-04-25T15:26:57","slug":"actividades-en-el-hospital-con-motivo-de-cumplirse-los-150-anos-de-la-ciudad-de-reconquista","status":"publish","type":"post","link":"https:\/\/infovera.com.ar\/web\/2022\/04\/25\/actividades-en-el-hospital-con-motivo-de-cumplirse-los-150-anos-de-la-ciudad-de-reconquista\/","title":{"rendered":"Actividades en el Hospital con motivo de cumplirse los 150 a\u00f1os de la ciudad de Reconquista"},"content":{"rendered":"<p>Desde el Hospital Regional de Reconquista, se informa que durante el d\u00eda mi\u00e9rcoles 27 de abril, no habr\u00e1 atenci\u00f3n en consultorios externos y practicas ambulatorias, con motivo de celebrarse el aniversario de la ciudad.<\/p>\n<p>Durante ese d\u00eda, no habr\u00e1 atenci\u00f3n en consultorios externos y pr\u00e1cticas ambulatorias. Por su parte los servicios de internaci\u00f3n y guardia funcionar\u00e1n normalmente.<\/p>\n<p>El Decreto Provincial N\u00b0953 declara asueto administrativo y d\u00eda no laborable, por lo que el funcionamiento de la instituci\u00f3n ser\u00e1 similar a los fines de semana.<\/p>\n","protected":false},"excerpt":{"rendered":"<p>Desde el Hospital Regional de Reconquista, se informa que durante el d\u00eda mi\u00e9rcoles 27 de abril, no habr\u00e1 atenci\u00f3n en consultorios externos y practicas ambulatorias, con motivo de celebrarse el aniversario de la ciudad. Durante ese d\u00eda, no habr\u00e1 atenci\u00f3n en consultorios externos y pr\u00e1cticas ambulatorias. Por su parte los servicios de internaci\u00f3n y guardia [&hellip;]<\/p>\n","protected":false},"author":3,"featured_media":34336,"comment_status":"closed","ping_status":"closed","sticky":false,"template":"","format":"standard","meta":{"_joinchat":[],"footnotes":""},"categories":[55],"tags":[],"class_list":{"0":"post-34335","1":"post","2":"type-post","3":"status-publish","4":"format-standard","5":"has-post-thumbnail","7":"category-reconquista"},"_links":{"self":[{"href":"https:\/\/infovera.com.ar\/web\/wp-json\/wp\/v2\/posts\/34335","targetHints":{"allow":["GET"]}}],"collection":[{"href":"https:\/\/infovera.com.ar\/web\/wp-json\/wp\/v2\/posts"}],"about":[{"href":"https:\/\/infovera.com.ar\/web\/wp-json\/wp\/v2\/types\/post"}],"author":[{"embeddable":true,"href":"https:\/\/infovera.com.ar\/web\/wp-json\/wp\/v2\/users\/3"}],"replies":[{"embeddable":true,"href":"https:\/\/infovera.com.ar\/web\/wp-json\/wp\/v2\/comments?post=34335"}],"version-history":[{"count":0,"href":"https:\/\/infovera.com.ar\/web\/wp-json\/wp\/v2\/posts\/34335\/revisions"}],"wp:featuredmedia":[{"embeddable":true,"href":"https:\/\/infovera.com.ar\/web\/wp-json\/wp\/v2\/media\/34336"}],"wp:attachment":[{"href":"https:\/\/infovera.com.ar\/web\/wp-json\/wp\/v2\/media?parent=34335"}],"wp:term":[{"taxonomy":"category","embeddable":true,"href":"https:\/\/infovera.com.ar\/web\/wp-json\/wp\/v2\/categories?post=34335"},{"taxonomy":"post_tag","embeddable":true,"href":"https:\/\/infovera.com.ar\/web\/wp-json\/wp\/v2\/tags?post=34335"}],"curies":[{"name":"wp","href":"https:\/\/api.w.org\/{rel}","templated":true}]}}