{"id":34157,"date":"2022-04-21T10:26:43","date_gmt":"2022-04-21T13:26:43","guid":{"rendered":"https:\/\/infovera.com.ar\/web\/?p=34157"},"modified":"2022-04-21T10:26:43","modified_gmt":"2022-04-21T13:26:43","slug":"lewandowski-debemos-potenciar-el-modelo-de-sinergia-entre-el-campo-y-la-industria-para-generar-mas-produccion-y-empleo","status":"publish","type":"post","link":"https:\/\/infovera.com.ar\/web\/2022\/04\/21\/lewandowski-debemos-potenciar-el-modelo-de-sinergia-entre-el-campo-y-la-industria-para-generar-mas-produccion-y-empleo\/","title":{"rendered":"Lewandowski: \u201cDebemos potenciar el modelo de sinergia entre el campo y la industria para generar m\u00e1s producci\u00f3n y empleo\u201d"},"content":{"rendered":"<p>El senador nacional Marcelo Lewandowski present\u00f3 un proyecto en la C\u00e1mara Alta para expresar su benepl\u00e1cito por el emplazamiento de un Parque Industrial en la ciudad de Reconquista. Asegur\u00f3 que hay que continuar el camino de desarrollo industrial porque \u201cdebemos potenciar el modelo de sinergia entre el campo y la industria para generar m\u00e1s producci\u00f3n y empleo\u201d.<\/p>\n<p>&nbsp;<\/p>\n<p>El legislador nacional destac\u00f3 que \u201cen el marco del Programa Nacional para el Desarrollo de Parques Industriales, Reconquista ha podido comenzar a trabajar en los primeros lineamientos del Parque mediante el acceso al financiamiento por parte del Consejo Federal de Inversiones\u201d. En ese sentido adelant\u00f3 que ya se \u201cpudo elaborar el proyecto t\u00e9cnico que permiti\u00f3 el avance en la subdivisi\u00f3n del predio\u201d.<\/p>\n<p>&nbsp;<\/p>\n<p>El inmueble en el que funcionar\u00e1 el Parque Industrial de Reconquista se encuentra sobre la ruta provincial 40-S y cuenta con 40 hect\u00e1reas. \u201cAl d\u00eda de hoy m\u00e1s de 150 empresarios buscan instalarse en el futuro Parque Industrial\u201d, afirm\u00f3 el senador.<\/p>\n<p>&nbsp;<\/p>\n<p>\u201cSiempre deben celebrarse las apuestas de mejoras o la creaci\u00f3n de parques industriales p\u00fablicos o privados que fomenten el desarrollo de las potencialidades de las distintas regiones de nuestro pa\u00eds\u201d, indic\u00f3 Lewandowski.<\/p>\n<p>&nbsp;<\/p>\n<p>Por \u00faltimo remarc\u00f3: \u201cLas industrias santafesinas est\u00e1n en un nivel muy bueno de crecimiento, de producci\u00f3n, de actividad y la inversi\u00f3n que se est\u00e1 haciendo en los parques industriales es un importante puntapi\u00e9 para continuar en este sendero\u201d.<\/p>\n","protected":false},"excerpt":{"rendered":"<p>El senador nacional Marcelo Lewandowski present\u00f3 un proyecto en la C\u00e1mara Alta para expresar su benepl\u00e1cito por el emplazamiento de un Parque Industrial en la ciudad de Reconquista. Asegur\u00f3 que hay que continuar el camino de desarrollo industrial porque \u201cdebemos potenciar el modelo de sinergia entre el campo y la industria para generar m\u00e1s producci\u00f3n [&hellip;]<\/p>\n","protected":false},"author":3,"featured_media":34159,"comment_status":"closed","ping_status":"closed","sticky":false,"template":"","format":"standard","meta":{"_joinchat":[],"footnotes":""},"categories":[66],"tags":[],"class_list":{"0":"post-34157","1":"post","2":"type-post","3":"status-publish","4":"format-standard","5":"has-post-thumbnail","7":"category-politica"},"_links":{"self":[{"href":"https:\/\/infovera.com.ar\/web\/wp-json\/wp\/v2\/posts\/34157","targetHints":{"allow":["GET"]}}],"collection":[{"href":"https:\/\/infovera.com.ar\/web\/wp-json\/wp\/v2\/posts"}],"about":[{"href":"https:\/\/infovera.com.ar\/web\/wp-json\/wp\/v2\/types\/post"}],"author":[{"embeddable":true,"href":"https:\/\/infovera.com.ar\/web\/wp-json\/wp\/v2\/users\/3"}],"replies":[{"embeddable":true,"href":"https:\/\/infovera.com.ar\/web\/wp-json\/wp\/v2\/comments?post=34157"}],"version-history":[{"count":0,"href":"https:\/\/infovera.com.ar\/web\/wp-json\/wp\/v2\/posts\/34157\/revisions"}],"wp:featuredmedia":[{"embeddable":true,"href":"https:\/\/infovera.com.ar\/web\/wp-json\/wp\/v2\/media\/34159"}],"wp:attachment":[{"href":"https:\/\/infovera.com.ar\/web\/wp-json\/wp\/v2\/media?parent=34157"}],"wp:term":[{"taxonomy":"category","embeddable":true,"href":"https:\/\/infovera.com.ar\/web\/wp-json\/wp\/v2\/categories?post=34157"},{"taxonomy":"post_tag","embeddable":true,"href":"https:\/\/infovera.com.ar\/web\/wp-json\/wp\/v2\/tags?post=34157"}],"curies":[{"name":"wp","href":"https:\/\/api.w.org\/{rel}","templated":true}]}}