{"id":34150,"date":"2022-04-21T10:19:33","date_gmt":"2022-04-21T13:19:33","guid":{"rendered":"https:\/\/infovera.com.ar\/web\/?p=34150"},"modified":"2022-04-21T10:19:33","modified_gmt":"2022-04-21T13:19:33","slug":"este-jueves-comienza-la-vacunacion-con-segundas-dosis-de-refuerzo-a-mayores-de-80-anos","status":"publish","type":"post","link":"https:\/\/infovera.com.ar\/web\/2022\/04\/21\/este-jueves-comienza-la-vacunacion-con-segundas-dosis-de-refuerzo-a-mayores-de-80-anos\/","title":{"rendered":"Este jueves comienza la vacunaci\u00f3n con segundas dosis de refuerzo a mayores de 80 a\u00f1os"},"content":{"rendered":"<p>La provincia de Santa Fe, a trav\u00e9s del Ministerio de Salud, anunci\u00f3 que desde este jueves 21 de abril, comenzar\u00e1 a aplicarse el segundo refuerzo de la vacunaci\u00f3n contra el Coronavirus, mediante la aplicaci\u00f3n de la cuarta dosis en la poblaci\u00f3n desde los 80 a\u00f1os en adelante.<\/p>\n<p>La misma ya est\u00e1 siendo turnada y comunicada por las v\u00edas utilizadas en oportunidades anteriores, tales como mensajes de texto y correo electr\u00f3nico.<\/p>\n<p>&nbsp;<\/p>\n<p>Al respecto, el subsecretario de Promoci\u00f3n y Prevenci\u00f3n del Ministerio de Salud, Sebasti\u00e1n Torres, precis\u00f3 que \u201cla aplicaci\u00f3n de una segunda dosis de refuerzo surge del acuerdo de la \u00faltima reuni\u00f3n del Consejo Federal de Salud (Cofesa), y est\u00e1 destinada a personas de 50 a\u00f1os en adelante; personal de Salud y estrat\u00e9gico; y para aquellos que entre 12 a 49 a\u00f1os que presenten factores de riesgo. En todos los casos, deben haber transcurrido 4 meses desde la \u00faltima inoculaci\u00f3n\u201d.<\/p>\n<p>&nbsp;<\/p>\n<p>Al mismo tiempo, inst\u00f3 a la poblaci\u00f3n que todav\u00eda no concurri\u00f3 a aplicarse la tercera dosis a que lo haga. Y describi\u00f3 el escenario epidemiol\u00f3gico actual, como as\u00ed tambi\u00e9n las medidas recientemente decretadas. \u201cHay vacunas disponibles. Hemos comprobado que son seguras, muy efectivas y que, gracias a ellas, hemos evitado una tercera ola; estando hoy con niveles bajos de incidencia de la enfermedad y hospitalizaciones, gracias la inmunidad adquirida tras el megaoperativo de vacunaci\u00f3n que en la provincia supera en un 10 % en poblaci\u00f3n cubierta, en comparaci\u00f3n con la media nacional\u201d, destac\u00f3 Torres. Asimismo agreg\u00f3 que la poblaci\u00f3n de mayores de 80 a\u00f1os a vacunar es de 55 mil personas.<\/p>\n<p>&nbsp;<\/p>\n<p>Barbijo: \u201caltamente recomendable\u201d pero ya no obligatorio<\/p>\n<p>&nbsp;<\/p>\n<p>En relaci\u00f3n a la cantidad de casos de Coronavirus en este momento y su impacto en los niveles de morbimortalidad, el subsecretario de Promoci\u00f3n y Prevenci\u00f3n dijo que \u201clas cifras son alentadoras, pero que no debemos bajar la guardia en el sostenimiento de las medidas de prevenci\u00f3n ya conocidas\u201d.<\/p>\n<p>&nbsp;<\/p>\n<p>\u201cEn los \u00faltimos 14 d\u00edas reportamos aproximadamente 600 casos, los fallecimientos han bajado, lo que nos permite decir que transitamos una \u2018una nueva etapa de la pandemia\u2019. No obstante, la recomendaci\u00f3n es sostener, como siempre, los cuidados, pero fundamentalmente completar los esquemas de vacunaci\u00f3n\u201d, precis\u00f3 el funcionario de la cartera sanitaria provincial.<\/p>\n<p>&nbsp;<\/p>\n<p>Eso tambi\u00e9n determin\u00f3 nuevos protocolos para informar la evoluci\u00f3n de los contagios. \u201cDesde el lunes pasado, en acuerdo con Cofesa y las provincias, generamos y hacemos p\u00fablico un reporte semanal sobre Covid\u201d, dijo.<\/p>\n<p>&nbsp;<\/p>\n<p>Por otra parte, Torres record\u00f3 que a partir de un decreto provincial y como resultado del consenso con el comit\u00e9 de expertos, el uso de barbijo que hasta ahora era obligatorio en espacios cerrados, pas\u00f3 a ser altamente recomendable y no ya exigible. Y explic\u00f3 los fundamentos de la medida: \u201cConsiderando que estamos en un promedio de 40 casos diarios en la \u00faltima semana, que no hay internados en UTI con Covid, que hay una baja incidencia de la enfermedad\u00a0 y niveles de positividad muy bajos, el Gobierno provincial determin\u00f3 que, por el momento, el uso del barbijo ya no es obligatorio\u201d.<\/p>\n<p>&nbsp;<\/p>\n<p>A\u00fan as\u00ed se recomienda fuertemente desde el Ministerio de Salud su utilizaci\u00f3n en lugares cerrados sin ventilaci\u00f3n, del mismo modo que el lavado de manos, la ventilaci\u00f3n cruzada y evitar la aglomeraci\u00f3n de personas.<\/p>\n<p>&nbsp;<\/p>\n<p>Profundizando, Torres expres\u00f3 y recomend\u00f3: \u201cLlegamos a esta situaci\u00f3n gracias a los cuidados y al alto nivel de vacunaci\u00f3n. Por eso es importante sostenerla. Tenemos m\u00e1s de un 90% con una dosis, superamos el 80% de la poblaci\u00f3n con dos dosis, pero apenas llegamos al 55% con tercera. Por eso es fundamental que completamos los esquemas de inmunizaci\u00f3n, sobre todo ahora que ya tenemos la cuarta dosis\u201d.<\/p>\n","protected":false},"excerpt":{"rendered":"<p>La provincia de Santa Fe, a trav\u00e9s del Ministerio de Salud, anunci\u00f3 que desde este jueves 21 de abril, comenzar\u00e1 a aplicarse el segundo refuerzo de la vacunaci\u00f3n contra el Coronavirus, mediante la aplicaci\u00f3n de la cuarta dosis en la poblaci\u00f3n desde los 80 a\u00f1os en adelante. La misma ya est\u00e1 siendo turnada y comunicada [&hellip;]<\/p>\n","protected":false},"author":3,"featured_media":34152,"comment_status":"closed","ping_status":"closed","sticky":false,"template":"","format":"standard","meta":{"_joinchat":[],"footnotes":""},"categories":[60],"tags":[],"class_list":{"0":"post-34150","1":"post","2":"type-post","3":"status-publish","4":"format-standard","5":"has-post-thumbnail","7":"category-provinciales"},"_links":{"self":[{"href":"https:\/\/infovera.com.ar\/web\/wp-json\/wp\/v2\/posts\/34150","targetHints":{"allow":["GET"]}}],"collection":[{"href":"https:\/\/infovera.com.ar\/web\/wp-json\/wp\/v2\/posts"}],"about":[{"href":"https:\/\/infovera.com.ar\/web\/wp-json\/wp\/v2\/types\/post"}],"author":[{"embeddable":true,"href":"https:\/\/infovera.com.ar\/web\/wp-json\/wp\/v2\/users\/3"}],"replies":[{"embeddable":true,"href":"https:\/\/infovera.com.ar\/web\/wp-json\/wp\/v2\/comments?post=34150"}],"version-history":[{"count":0,"href":"https:\/\/infovera.com.ar\/web\/wp-json\/wp\/v2\/posts\/34150\/revisions"}],"wp:featuredmedia":[{"embeddable":true,"href":"https:\/\/infovera.com.ar\/web\/wp-json\/wp\/v2\/media\/34152"}],"wp:attachment":[{"href":"https:\/\/infovera.com.ar\/web\/wp-json\/wp\/v2\/media?parent=34150"}],"wp:term":[{"taxonomy":"category","embeddable":true,"href":"https:\/\/infovera.com.ar\/web\/wp-json\/wp\/v2\/categories?post=34150"},{"taxonomy":"post_tag","embeddable":true,"href":"https:\/\/infovera.com.ar\/web\/wp-json\/wp\/v2\/tags?post=34150"}],"curies":[{"name":"wp","href":"https:\/\/api.w.org\/{rel}","templated":true}]}}