{"id":34132,"date":"2022-04-21T09:00:52","date_gmt":"2022-04-21T12:00:52","guid":{"rendered":"https:\/\/infovera.com.ar\/web\/?p=34132"},"modified":"2022-04-22T12:32:09","modified_gmt":"2022-04-22T15:32:09","slug":"manifestaciones-frente-a-la-clinica-donde-esta-internado-el-dueno-de-adhemar-capital","status":"publish","type":"post","link":"https:\/\/infovera.com.ar\/web\/2022\/04\/21\/manifestaciones-frente-a-la-clinica-donde-esta-internado-el-dueno-de-adhemar-capital\/","title":{"rendered":"Manifestaciones frente a la cl\u00ednica donde est\u00e1 internado el due\u00f1o de Adhemar Capital"},"content":{"rendered":"<p><strong>En la Justicia cordobesa ingres\u00f3 un pedido de detenci\u00f3n. Los abogados desconf\u00edan de que el estado de salud del trader sea complicado.<\/strong><\/p>\n<p>\u201cBasta de Mentiras\u201d y \u201cBacchiani devolv\u00e9 la plata\u201d dicen los carteles de un grupo de damnificados por Adhemar Capital que se manifestaron frente al sanatorio de la ciudad de Catamarca donde est\u00e1 internado su titular, Edgar Bacchiani. Se trata de la compa\u00f1\u00eda denunciada en la Justicia en C\u00f3rdoba, Tucum\u00e1n y Catamarca por supuesta estafa a inversores que entregaban su dinero para que fuera invertido en criptomonedas y, a cambio, le ofrec\u00edan tasas de inter\u00e9s que llegaban al 50% anual.<\/p>\n<p>Bacchiani ingres\u00f3 el lunes al Sanatorio Jun\u00edn de Catamarca. El mi\u00e9rcoles pasado la Justicia Federal de esa provincia lo imput\u00f3 por\u00a0\u201casociaci\u00f3n il\u00edcita, lavado de activos, defraudaci\u00f3n y de intermediaci\u00f3n financiera no autorizada\u201d.<\/p>\n<p>El juez federal Miguel \u00c1ngel Contreras tambi\u00e9n pidi\u00f3 la unificaci\u00f3n de todas las causas que se est\u00e1n tramitando en C\u00f3rdoba y Tucum\u00e1n. Su par tucumano ya la entreg\u00f3. En cambio, no hay decisi\u00f3n de la Justicia provincial cordobesa, a donde ingres\u00f3 un pedido de detenci\u00f3n impulsado por el abogado de los damnificados, Carlos Nayi.<\/p>\n<p>Bacchiani se present\u00f3 ante Contreras, al igual que Celeste Garc\u00e9s Rusa, venezolana expareja suya que aparece como socia en Adhemar. Tambi\u00e9n lo hizo el gerente de la firma, Jos\u00e9 Blas. A todos se los notific\u00f3 de la imputaci\u00f3n y se les prohibi\u00f3 salir del pa\u00eds.<\/p>\n<p>Alfredo Aydar, abogado de los denunciantes de Bacchiani, dijo a LA NACION que present\u00f3 ante la Justicia un pedido de que se realice una junta m\u00e9dica porque \u201cdesconf\u00edan\u201d de la veracidad sobre el cuadro de salud del empresario. Cree que est\u00e1 \u201cganando tiempo y obstaculizando el accionar judicial\u201d.<\/p>\n<p>\u201cNo pag\u00f3 nada en ning\u00fan lado; todo lo que anuncia termina en mentiras\u201d, agreg\u00f3. Adhemar Capital fue investigada despu\u00e9s de que los\u00a0gobernadores de Catamarca, Ra\u00fal Jalil, y de La Rioja, Ricardo Quintela, lo pidieran al Banco Central. El hermano de Jalil -seg\u00fan confirm\u00f3 el propio Bacchiani a este diario- tiene inversiones en la empresa.<\/p>\n<p>El lunes el arquitecto Fernando Rivera radic\u00f3 una denuncia en Catamarca por supuesta connivencia entre Bacchiani y algunos funcionarios del Poder Judicial. Apunta a un supuesto incumplimiento de los deberes de funcionarios p\u00fablicos y falta de independencia de algunos miembros de la Justicia; seg\u00fan el denunciante estar\u00eda \u201cen riesgo la libertad\u201d para investigar al trader debido a que algunos funcionarios judiciales participaron de un evento deportivo realizado en San Juan sponsoreados por la empresa Adhemar Capital.<\/p>\n<p>La firma operaba, seg\u00fan explica en sus redes sociales, con criptomonedas, y a quienes colocaban dinero les ofrec\u00eda\u00a0tasas de entre 12% y 22% mensual dependiendo del monto. Hay casos de hasta tasa del 50%.<\/p>\n<p>Aparece constituida con los fines de distribuci\u00f3n mayorista y minorista de productos alimenticios, naturales o industrializados; para planificar, promover, proyectar, desarrollar y comercializar por cuenta propia o de terceros, emprendimientos inmobiliarios. Y para la compraventa de automotores y maquinarias y\u00a0tareas de consultor\u00eda\u00a0(\u201cprestaci\u00f3n de servicios por cuenta propia, asociada a terceros o mediante la adscripci\u00f3n prepaga a la sociedad, de\u00a0asesoramiento integral y consultor\u00eda empresaria en materia jur\u00eddica, comercial, financiera, t\u00e9cnica, contable y de imagen, a personas f\u00edsicas y jur\u00eddicas, nacionales o extranjeras\u201d).<\/p>\n<p>Fuente: La Naci\u00f3n<\/p>\n","protected":false},"excerpt":{"rendered":"<p>En la Justicia cordobesa ingres\u00f3 un pedido de detenci\u00f3n. Los abogados desconf\u00edan de que el estado de salud del trader sea complicado. \u201cBasta de Mentiras\u201d y \u201cBacchiani devolv\u00e9 la plata\u201d dicen los carteles de un grupo de damnificados por Adhemar Capital que se manifestaron frente al sanatorio de la ciudad de Catamarca donde est\u00e1 internado [&hellip;]<\/p>\n","protected":false},"author":3,"featured_media":34134,"comment_status":"closed","ping_status":"closed","sticky":false,"template":"","format":"standard","meta":{"_joinchat":[],"footnotes":""},"categories":[62,30],"tags":[],"class_list":{"0":"post-34132","1":"post","2":"type-post","3":"status-publish","4":"format-standard","5":"has-post-thumbnail","7":"category-nacionales","8":"category-policiales"},"_links":{"self":[{"href":"https:\/\/infovera.com.ar\/web\/wp-json\/wp\/v2\/posts\/34132","targetHints":{"allow":["GET"]}}],"collection":[{"href":"https:\/\/infovera.com.ar\/web\/wp-json\/wp\/v2\/posts"}],"about":[{"href":"https:\/\/infovera.com.ar\/web\/wp-json\/wp\/v2\/types\/post"}],"author":[{"embeddable":true,"href":"https:\/\/infovera.com.ar\/web\/wp-json\/wp\/v2\/users\/3"}],"replies":[{"embeddable":true,"href":"https:\/\/infovera.com.ar\/web\/wp-json\/wp\/v2\/comments?post=34132"}],"version-history":[{"count":0,"href":"https:\/\/infovera.com.ar\/web\/wp-json\/wp\/v2\/posts\/34132\/revisions"}],"wp:featuredmedia":[{"embeddable":true,"href":"https:\/\/infovera.com.ar\/web\/wp-json\/wp\/v2\/media\/34134"}],"wp:attachment":[{"href":"https:\/\/infovera.com.ar\/web\/wp-json\/wp\/v2\/media?parent=34132"}],"wp:term":[{"taxonomy":"category","embeddable":true,"href":"https:\/\/infovera.com.ar\/web\/wp-json\/wp\/v2\/categories?post=34132"},{"taxonomy":"post_tag","embeddable":true,"href":"https:\/\/infovera.com.ar\/web\/wp-json\/wp\/v2\/tags?post=34132"}],"curies":[{"name":"wp","href":"https:\/\/api.w.org\/{rel}","templated":true}]}}