{"id":34129,"date":"2022-04-21T09:00:34","date_gmt":"2022-04-21T12:00:34","guid":{"rendered":"https:\/\/infovera.com.ar\/web\/?p=34129"},"modified":"2022-04-22T12:32:48","modified_gmt":"2022-04-22T15:32:48","slug":"problemas-de-infraestructura-hacen-temblar-al-nuevo-edificio-del-isp","status":"publish","type":"post","link":"https:\/\/infovera.com.ar\/web\/2022\/04\/21\/problemas-de-infraestructura-hacen-temblar-al-nuevo-edificio-del-isp\/","title":{"rendered":"Problemas de infraestructura hacen \u201ctemblar\u201d al nuevo edificio del Profesorado"},"content":{"rendered":"<p><strong>Primero fue la controversia por la mudanza a la flamante sede. Ahora, el local tuvo problemas de agua, cloacas y filtraciones. Adem\u00e1s, faltan obras complementarias que tornan peligrosa la circulaci\u00f3n. Personal faltante.<\/strong><\/p>\n<p>Las demoras en la culminaci\u00f3n del nuevo edificio del Instituto Superior del Profesorado N\u00ba 4 \u201c\u00c1ngel C\u00e1rcano\u201d de Reconquista, que marcaron la \u00faltima etapa de su construcci\u00f3n, llegaron su fin el 24 de febrero de este a\u00f1o con la inauguraci\u00f3n de la flamante sede.<\/p>\n<p>El peregrinar de la comunidad educativa que estuvo sembrado de reclamos por las dilaciones que presentaba la obra, rend\u00eda sus frutos: el sue\u00f1o de la casa propia se hac\u00eda realidad y los problemas edilicios quedaban atr\u00e1s. O por lo menos, eso parec\u00eda\u2026<\/p>\n<p>Pero, como si fuera un relato circular, la realidad se empe\u00f1\u00f3 en poner su peor cara y los inconvenientes comenzaron a surgir de nuevo, en t\u00e1ndem, ni bien directivos, profesores y alumnos pusieron el pie en el inmueble escolar.<\/p>\n<p>Obstrucci\u00f3n de ca\u00f1er\u00edas, falta de red cloacal, filtraciones en el techo que provocaron el derrumbe del cielorraso en un sector de los sanitarios, ausencia de obras complementarias como la pavimentaci\u00f3n de la calle de acceso, estacionamiento e iluminaci\u00f3n, atentaron desde el primer d\u00eda contra el normal desenvolvimiento de las actividades.<\/p>\n<p>En di\u00e1logo con<strong> InfoVera<\/strong>, acompa\u00f1ada por su equipo directivo la directora del ISP N\u00ba 4, profesora Isabel del Castillo, detall\u00f3 la lista de inesperadas novedades que salieron a la luz en la primera semana de clases y grafic\u00f3, en forma figurada, que con la afluencia de alumnos \u201cel edificio empez\u00f3 a temblar\u201d.<\/p>\n<div id='gallery-1' class='gallery galleryid-34129 gallery-columns-3 gallery-size-thumbnail'><figure class='gallery-item'>\n\t\t\t<div class='gallery-icon portrait'>\n\t\t\t\t<a href='https:\/\/infovera.com.ar\/web\/2022\/04\/21\/problemas-de-infraestructura-hacen-temblar-al-nuevo-edificio-del-isp\/cielo-2\/'><img loading=\"lazy\" decoding=\"async\" width=\"150\" height=\"150\" src=\"https:\/\/infovera.com.ar\/web\/wp-content\/uploads\/2022\/04\/cielo-150x150.jpg\" class=\"attachment-thumbnail size-thumbnail\" alt=\"\" \/><\/a>\n\t\t\t<\/div><\/figure><figure class='gallery-item'>\n\t\t\t<div class='gallery-icon portrait'>\n\t\t\t\t<a href='https:\/\/infovera.com.ar\/web\/2022\/04\/21\/problemas-de-infraestructura-hacen-temblar-al-nuevo-edificio-del-isp\/canerias-2\/'><img loading=\"lazy\" decoding=\"async\" width=\"150\" height=\"150\" src=\"https:\/\/infovera.com.ar\/web\/wp-content\/uploads\/2022\/04\/canerias-1-150x150.png\" class=\"attachment-thumbnail size-thumbnail\" alt=\"\" \/><\/a>\n\t\t\t<\/div><\/figure><figure class='gallery-item'>\n\t\t\t<div class='gallery-icon landscape'>\n\t\t\t\t<a href='https:\/\/infovera.com.ar\/web\/2022\/04\/21\/problemas-de-infraestructura-hacen-temblar-al-nuevo-edificio-del-isp\/bano\/'><img loading=\"lazy\" decoding=\"async\" width=\"150\" height=\"150\" src=\"https:\/\/infovera.com.ar\/web\/wp-content\/uploads\/2022\/04\/bano-150x150.jpg\" class=\"attachment-thumbnail size-thumbnail\" alt=\"\" \/><\/a>\n\t\t\t<\/div><\/figure>\n\t\t<\/div>\n\n<p><strong>\u00bfC\u00f3mo est\u00e1n afrontando los problemas de infraestructura que aparecieron?<\/strong><\/p>\n<p>Hay que contextualizar la situaci\u00f3n. Nosotros recibimos el edificio el 24 de febrero, es decir el mismo d\u00eda de la inauguraci\u00f3n, y comenzamos a estar de forma plena desde el 11 de abril en que comenzamos las clases.<\/p>\n<p>Ven\u00edamos pidiendo hace cuatro a\u00f1os el tema del entubado (del canal de desag\u00fce frente a Instituto) y la falta de iluminaci\u00f3n, todo eso emergi\u00f3 como gran problema ni bien comenz\u00f3 el afluente enorme de estudiantes.<\/p>\n<p>Nosotros vamos remitiendo cualquier problema que aparece, desde las cerraduras y la falta de llaves hasta problemas m\u00e1s gruesos, como las ca\u00f1er\u00edas, a la empresa constructora y a la Direcci\u00f3n Provincial de Arquitectura e Ingenier\u00eda (DIPAI), porque estamos en garant\u00eda, en \u2018verificaci\u00f3n de obra\u2019 Vamos haciendo actas con eso.<\/p>\n<p><strong>Son cuestiones que afectan la funcionalidad\u2026<\/strong><\/p>\n<p>Algunas cuestiones tienen que ver con la l\u00f3gica del funcionamiento. Es decir, hablamos de pr\u00e1cticamente 4.000 estudiantes en los turnos ma\u00f1ana, tarde y noche, entonces como dice la empresa, ten\u00edan hace bastante tiempo terminadas algunas partes del edificio. Lo mismo con el tema de las cloacas, nosotros estamos esperanzados que llegaremos a tener el tema de las cloacas. S\u00ed tenemos agua corriente qu\u00e9 d\u00edas antes del inicio de clases se realiz\u00f3 la conexi\u00f3n.<\/p>\n<p>Alguno de los problemas nos llev\u00f3 a cerrar en alg\u00fan momento a los sanitarios, porque respecto a las cloacas tenemos pozos muy peque\u00f1os, por lo que la empresa tuvo que construir la semana pasada un pozo mucho m\u00e1s grande. Ayer (por el lunes) hubo problemas de obstrucci\u00f3n de ca\u00f1er\u00edas y eso provoca contratiempos, molestias y malestar. Esperamos reacomodarnos y tener la funcionalidad del edificio.<\/p>\n<p><strong>\u00bfTuvieron tambi\u00e9n inconvenientes con los techos?<\/strong><\/p>\n<p>Con los techos pas\u00f3 lo que nosotros siempre dijimos, pero la empresa nos dice que eso estaba en los planes; es que las canaletas est\u00e1n encima del edificio y est\u00e1n rodeadas de pinos, entonces hay que subir de forma permanente para limpiar porque ni bien llueve se bloquean esos desag\u00fces y empieza a filtrar el edificio. As\u00ed, se humedeci\u00f3 el cielorraso del ba\u00f1o y se fue cayendo, eso est\u00e1 como destapado todav\u00eda. Esto lo estamos cubriendo desde la Asociaci\u00f3n Cooperadora ya que el Ministerio a\u00fan nos adeuda los cargos de maestranza y porteros mientras.<\/p>\n<p><strong>\u00bfQu\u00e9 noticias tienen acerca de las obras complementarias que faltan realizar?<\/strong><\/p>\n<p>A comienzos de febrero nos reunimos y tuvimos la promesa del municipio de que las cloacas ya estaban, tanto el presupuesto como los tubos para el entubado de la calle, sobre todo calle (Fray) Rossi, pero hay toda una demora que nosotros no entendemos, y lo mismo pasa con el asfalto. Todo esto nos est\u00e1 preocupando mucho como equipo directivo, como docentes y estudiantado, porque en las horas picos del turno tarde y comienzos del turno noche es un afluente impresionante de estudiantes y del tr\u00e1nsito, como colectivos y autos, por lo que es un peligro constante. Estamos solicitando al Estado que atienda esto, no es solamente que queremos tener el asfalto.<\/p>\n<p>Por el tema de estacionamiento de motos y bicicletas, porque tenemos una gran cantidad de estudiantes con esa movilidad, se solicit\u00f3 financiamiento a la provincia a trav\u00e9s del Fondo de Asistencia para Necesidades Inmediatas (FANI) el a\u00f1o pasado, pero todav\u00eda no tenemos respuesta. Es urgente, importante e imprescindible esa obra que fue solicitada en tiempo y forma pero que a\u00fan no se ejecuta.<\/p>\n<p><strong>Mudanza<\/strong><\/p>\n<p>En tren de establecer una l\u00ednea de tiempo, vale citar que el primer trago amargo luego de haber recibido la nueva sede fue el de la mudanza desde el establecimiento donde funcionaba el ISP a la moderna edificaci\u00f3n construida por el gobierno de la provincia. Para hacer frente a los gastos de fletar el mobiliario, la comunidad educativa inici\u00f3, a trav\u00e9s de la cooperadora escolar, una colecta solidaria en la que se solicitaba la donaci\u00f3n de 50, 100, 500 \u00f3 1000 pesos con el fin de alcanzar la suma de 500 mil pesos que hac\u00edan falta para el traslado.<\/p>\n<p>\u201cComo siempre nos pasa a los educadores estamos buscando las formas de resolver la mejor forma de tener clases. El a\u00f1o pasado varias veces nos dijeron que se iba a inaugurar y finalmente se decidieron en febrero cuando est\u00e1bamos en mesa de ex\u00e1menes y sab\u00edamos que ten\u00edamos una semana antes de comenzar las clases, as\u00ed que necesit\u00e1bamos colaboraci\u00f3n y ayuda que en ese momento se resolvi\u00f3 con la buena voluntad de toda la comunidad, fue emocionante ver c\u00f3mo cada uno ayudaba trasladando sus paquetes, archivos y muebles. En una semana logramos realizar todo esto, por eso quiero agradecer a los estudiantes y profesores, a la Asociaci\u00f3n Cooperadora, al municipio y a toda la gente que de buena voluntad terminaba su hora de trabajo y sum\u00f3 transporte que realmente fue muy importante\u201d, manifest\u00f3 la directora Isabel del Castillo<\/p>\n","protected":false},"excerpt":{"rendered":"<p>Primero fue la controversia por la mudanza a la flamante sede. Ahora, el local tuvo problemas de agua, cloacas y filtraciones. Adem\u00e1s, faltan obras complementarias que tornan peligrosa la circulaci\u00f3n. Personal faltante. Las demoras en la culminaci\u00f3n del nuevo edificio del Instituto Superior del Profesorado N\u00ba 4 \u201c\u00c1ngel C\u00e1rcano\u201d de Reconquista, que marcaron la \u00faltima [&hellip;]<\/p>\n","protected":false},"author":3,"featured_media":34130,"comment_status":"closed","ping_status":"closed","sticky":false,"template":"","format":"standard","meta":{"_joinchat":[],"footnotes":""},"categories":[55],"tags":[],"class_list":{"0":"post-34129","1":"post","2":"type-post","3":"status-publish","4":"format-standard","5":"has-post-thumbnail","7":"category-reconquista"},"_links":{"self":[{"href":"https:\/\/infovera.com.ar\/web\/wp-json\/wp\/v2\/posts\/34129","targetHints":{"allow":["GET"]}}],"collection":[{"href":"https:\/\/infovera.com.ar\/web\/wp-json\/wp\/v2\/posts"}],"about":[{"href":"https:\/\/infovera.com.ar\/web\/wp-json\/wp\/v2\/types\/post"}],"author":[{"embeddable":true,"href":"https:\/\/infovera.com.ar\/web\/wp-json\/wp\/v2\/users\/3"}],"replies":[{"embeddable":true,"href":"https:\/\/infovera.com.ar\/web\/wp-json\/wp\/v2\/comments?post=34129"}],"version-history":[{"count":0,"href":"https:\/\/infovera.com.ar\/web\/wp-json\/wp\/v2\/posts\/34129\/revisions"}],"wp:featuredmedia":[{"embeddable":true,"href":"https:\/\/infovera.com.ar\/web\/wp-json\/wp\/v2\/media\/34130"}],"wp:attachment":[{"href":"https:\/\/infovera.com.ar\/web\/wp-json\/wp\/v2\/media?parent=34129"}],"wp:term":[{"taxonomy":"category","embeddable":true,"href":"https:\/\/infovera.com.ar\/web\/wp-json\/wp\/v2\/categories?post=34129"},{"taxonomy":"post_tag","embeddable":true,"href":"https:\/\/infovera.com.ar\/web\/wp-json\/wp\/v2\/tags?post=34129"}],"curies":[{"name":"wp","href":"https:\/\/api.w.org\/{rel}","templated":true}]}}