{"id":34125,"date":"2022-04-21T09:13:48","date_gmt":"2022-04-21T12:13:48","guid":{"rendered":"https:\/\/infovera.com.ar\/web\/?p=34125"},"modified":"2022-04-22T13:19:17","modified_gmt":"2022-04-22T16:19:17","slug":"en-vera-no-teniamos-mas-nacimientos-para-todo-teniamos-que-ir-a-reconquista","status":"publish","type":"post","link":"https:\/\/infovera.com.ar\/web\/2022\/04\/21\/en-vera-no-teniamos-mas-nacimientos-para-todo-teniamos-que-ir-a-reconquista\/","title":{"rendered":"&#8220;En Vera no ten\u00edamos m\u00e1s nacimientos, para todo ten\u00edamos que ir a Reconquista&#8221;"},"content":{"rendered":"<p><strong>El senador por el departamento Vera expres\u00f3 a medios de prensa que &#8220;esta obra que estamos recorriendo en este momento, con la ministra de Salud Sonia Martorano y la intendenta Paula Mitre, es hist\u00f3rica porque tener una sala de terapia intensiva, una nueva sala de guardia como se est\u00e1 construyendo, es un sue\u00f1o para todos nosotros&#8221;.<\/strong><\/p>\n<p>&#8220;Mire que yo hace 39 a\u00f1os que soy m\u00e9dico pediatra en este hospital de Vera y debo decir que nunca tuvimos las respuestas que nos est\u00e1 dando con sus decisiones el gobernador Omar Perotti. Ac\u00e1 en Vera -agreg\u00f3- otras gestiones hab\u00edan transformado este hospital en un dispensario, ya no ten\u00edamos partos ni nacimientos. Para todo ten\u00edamos que ir a Reconquista o sino a Santa Fe&#8221;.<\/p>\n<p>En tanto la ministra de Salud, Sonia Martorano, sostuvo en di\u00e1logo con Aires de Interior que &#8220;estamos visitando hoy el Hospital de Vera para ver c\u00f3mo marchan las obras de esta respuesta concreta que estamos dando desde el gobierno provincial, para descentralizar el sistema de salud y permitir que la gente pueda tener atenci\u00f3n de primera en los lugares donde&#8221;.<\/p>\n","protected":false},"excerpt":{"rendered":"<p>El senador por el departamento Vera expres\u00f3 a medios de prensa que &#8220;esta obra que estamos recorriendo en este momento, con la ministra de Salud Sonia Martorano y la intendenta Paula Mitre, es hist\u00f3rica porque tener una sala de terapia intensiva, una nueva sala de guardia como se est\u00e1 construyendo, es un sue\u00f1o para todos [&hellip;]<\/p>\n","protected":false},"author":3,"featured_media":34127,"comment_status":"closed","ping_status":"closed","sticky":false,"template":"","format":"standard","meta":{"_joinchat":[],"footnotes":""},"categories":[53],"tags":[],"class_list":{"0":"post-34125","1":"post","2":"type-post","3":"status-publish","4":"format-standard","5":"has-post-thumbnail","7":"category-vera"},"_links":{"self":[{"href":"https:\/\/infovera.com.ar\/web\/wp-json\/wp\/v2\/posts\/34125","targetHints":{"allow":["GET"]}}],"collection":[{"href":"https:\/\/infovera.com.ar\/web\/wp-json\/wp\/v2\/posts"}],"about":[{"href":"https:\/\/infovera.com.ar\/web\/wp-json\/wp\/v2\/types\/post"}],"author":[{"embeddable":true,"href":"https:\/\/infovera.com.ar\/web\/wp-json\/wp\/v2\/users\/3"}],"replies":[{"embeddable":true,"href":"https:\/\/infovera.com.ar\/web\/wp-json\/wp\/v2\/comments?post=34125"}],"version-history":[{"count":0,"href":"https:\/\/infovera.com.ar\/web\/wp-json\/wp\/v2\/posts\/34125\/revisions"}],"wp:featuredmedia":[{"embeddable":true,"href":"https:\/\/infovera.com.ar\/web\/wp-json\/wp\/v2\/media\/34127"}],"wp:attachment":[{"href":"https:\/\/infovera.com.ar\/web\/wp-json\/wp\/v2\/media?parent=34125"}],"wp:term":[{"taxonomy":"category","embeddable":true,"href":"https:\/\/infovera.com.ar\/web\/wp-json\/wp\/v2\/categories?post=34125"},{"taxonomy":"post_tag","embeddable":true,"href":"https:\/\/infovera.com.ar\/web\/wp-json\/wp\/v2\/tags?post=34125"}],"curies":[{"name":"wp","href":"https:\/\/api.w.org\/{rel}","templated":true}]}}