{"id":34104,"date":"2022-04-20T18:22:55","date_gmt":"2022-04-20T21:22:55","guid":{"rendered":"https:\/\/infovera.com.ar\/web\/?p=34104"},"modified":"2022-04-21T10:05:46","modified_gmt":"2022-04-21T13:05:46","slug":"la-uti-de-vera-va-a-estar-dentro-de-los-mas-altos-estandares-internacionales","status":"publish","type":"post","link":"https:\/\/infovera.com.ar\/web\/2022\/04\/20\/la-uti-de-vera-va-a-estar-dentro-de-los-mas-altos-estandares-internacionales\/","title":{"rendered":"La UTI de Vera va a estar dentro de los &#8220;m\u00e1s altos est\u00e1ndares internacionales&#8221;, dijo la ministra Martorano"},"content":{"rendered":"<p><strong>Lo asegur\u00f3 la ministra de Salud Sonia Martorano en ocasi\u00f3n de recorrer la obra de construcci\u00f3n de la Unidad de Terapia Intensiva esta tarde.<\/strong><\/p>\n<p>Estuvo acompa\u00f1ada por la Dra. Beatriz Villa, el senador Osvaldo Sosa y la intendente Paula Mitrre.<\/p>\n<p>En su recorrido,la ministra Martorano, acompa\u00f1ada por parte de su gabinete, lleg\u00f3 hasta el Centro de Atenci\u00f3n Primaria Santa Rosa, ubicado tambi\u00e9n en Vera, donde hizo entrega de un botiqu\u00edn con equipamiento esencial para el trabajo cotidiano.<\/p>\n<p>El kit incluye un cardiodesfibrilador, una balanza de pie mec\u00e1nica, un electrocardi\u00f3grafo, una balanza para beb\u00e9s, un detector de latidos fetales, tensi\u00f3metro, estetoscopio, carro de transporte y una caja de sutura<\/p>\n<p>Sus declaraciones en este audio:<\/p>\n<audio class=\"wp-audio-shortcode\" id=\"audio-34104-1\" preload=\"none\" style=\"width: 100%;\" controls=\"controls\"><source type=\"audio\/ogg\" src=\"https:\/\/infovera.com.ar\/web\/wp-content\/uploads\/2022\/04\/AUD-20220420-WA0060-online-audio-converter.com_.ogg?_=1\" \/><a href=\"https:\/\/infovera.com.ar\/web\/wp-content\/uploads\/2022\/04\/AUD-20220420-WA0060-online-audio-converter.com_.ogg\">https:\/\/infovera.com.ar\/web\/wp-content\/uploads\/2022\/04\/AUD-20220420-WA0060-online-audio-converter.com_.ogg<\/a><\/audio>\n","protected":false},"excerpt":{"rendered":"<p>Lo asegur\u00f3 la ministra de Salud Sonia Martorano en ocasi\u00f3n de recorrer la obra de construcci\u00f3n de la Unidad de Terapia Intensiva esta tarde. Estuvo acompa\u00f1ada por la Dra. Beatriz Villa, el senador Osvaldo Sosa y la intendente Paula Mitrre. En su recorrido,la ministra Martorano, acompa\u00f1ada por parte de su gabinete, lleg\u00f3 hasta el Centro [&hellip;]<\/p>\n","protected":false},"author":3,"featured_media":34110,"comment_status":"closed","ping_status":"closed","sticky":false,"template":"","format":"standard","meta":{"_joinchat":[],"footnotes":""},"categories":[53],"tags":[],"class_list":{"0":"post-34104","1":"post","2":"type-post","3":"status-publish","4":"format-standard","5":"has-post-thumbnail","7":"category-vera"},"_links":{"self":[{"href":"https:\/\/infovera.com.ar\/web\/wp-json\/wp\/v2\/posts\/34104","targetHints":{"allow":["GET"]}}],"collection":[{"href":"https:\/\/infovera.com.ar\/web\/wp-json\/wp\/v2\/posts"}],"about":[{"href":"https:\/\/infovera.com.ar\/web\/wp-json\/wp\/v2\/types\/post"}],"author":[{"embeddable":true,"href":"https:\/\/infovera.com.ar\/web\/wp-json\/wp\/v2\/users\/3"}],"replies":[{"embeddable":true,"href":"https:\/\/infovera.com.ar\/web\/wp-json\/wp\/v2\/comments?post=34104"}],"version-history":[{"count":0,"href":"https:\/\/infovera.com.ar\/web\/wp-json\/wp\/v2\/posts\/34104\/revisions"}],"wp:featuredmedia":[{"embeddable":true,"href":"https:\/\/infovera.com.ar\/web\/wp-json\/wp\/v2\/media\/34110"}],"wp:attachment":[{"href":"https:\/\/infovera.com.ar\/web\/wp-json\/wp\/v2\/media?parent=34104"}],"wp:term":[{"taxonomy":"category","embeddable":true,"href":"https:\/\/infovera.com.ar\/web\/wp-json\/wp\/v2\/categories?post=34104"},{"taxonomy":"post_tag","embeddable":true,"href":"https:\/\/infovera.com.ar\/web\/wp-json\/wp\/v2\/tags?post=34104"}],"curies":[{"name":"wp","href":"https:\/\/api.w.org\/{rel}","templated":true}]}}