{"id":34093,"date":"2022-04-20T13:53:54","date_gmt":"2022-04-20T16:53:54","guid":{"rendered":"https:\/\/infovera.com.ar\/web\/?p=34093"},"modified":"2022-04-20T13:53:54","modified_gmt":"2022-04-20T16:53:54","slug":"henn-saldamos-una-deuda-pendiente-con-el-norte","status":"publish","type":"post","link":"https:\/\/infovera.com.ar\/web\/2022\/04\/20\/henn-saldamos-una-deuda-pendiente-con-el-norte\/","title":{"rendered":"Henn: &#8220;Saldamos una deuda pendiente con el norte&#8221;"},"content":{"rendered":"<p><strong>El Defensor del Pueblo Jorge Henn puso en marcha la nueva Oficina M\u00f3vil de la Defensor\u00eda del Pueblo de Santa Fe para los departamentos General Obligado, Vera y 9 de Julio, que se sumar\u00e1 a las unidades m\u00f3viles con las que ya cuenta la instituci\u00f3n.<\/strong><\/p>\n<p>&#8220;Teniendo en cuenta la extensi\u00f3n territorial del norte santafesino y a\u00fan con tres delegaciones propias dispuestas en esa regi\u00f3n, quedaban muchas personas sin atender, asesorar y escuchar. Esta herramienta es una verdadera puerta de entrada a los derechos, especialmente para aquellos lugares y personas donde pareciera que nadie llega\u201d, expres\u00f3 el Defensor.<\/p>\n<p>En el acto estuvieron presentes el senador Nacional, Dionisio Scarpin; el senador Provincial, Orfilio Chacho Marcon; las diputadas provinciales, Mar\u00eda Laura Corgniali y Diputada Marlen Esp\u00edndola; los intendentes de Reconquista y Avellaneda, Enrique Vallejos y Gonzalo Braidot, respectivamente; presidentes comunales de la regi\u00f3n y funcionarias de la Municipalidad de Reconquista y del Ministerio P\u00fablico de la Acusaci\u00f3n (MPA).<\/p>\n","protected":false},"excerpt":{"rendered":"<p>El Defensor del Pueblo Jorge Henn puso en marcha la nueva Oficina M\u00f3vil de la Defensor\u00eda del Pueblo de Santa Fe para los departamentos General Obligado, Vera y 9 de Julio, que se sumar\u00e1 a las unidades m\u00f3viles con las que ya cuenta la instituci\u00f3n. &#8220;Teniendo en cuenta la extensi\u00f3n territorial del norte santafesino y [&hellip;]<\/p>\n","protected":false},"author":3,"featured_media":34094,"comment_status":"closed","ping_status":"closed","sticky":false,"template":"","format":"standard","meta":{"_joinchat":[],"footnotes":""},"categories":[55],"tags":[],"class_list":{"0":"post-34093","1":"post","2":"type-post","3":"status-publish","4":"format-standard","5":"has-post-thumbnail","7":"category-reconquista"},"_links":{"self":[{"href":"https:\/\/infovera.com.ar\/web\/wp-json\/wp\/v2\/posts\/34093","targetHints":{"allow":["GET"]}}],"collection":[{"href":"https:\/\/infovera.com.ar\/web\/wp-json\/wp\/v2\/posts"}],"about":[{"href":"https:\/\/infovera.com.ar\/web\/wp-json\/wp\/v2\/types\/post"}],"author":[{"embeddable":true,"href":"https:\/\/infovera.com.ar\/web\/wp-json\/wp\/v2\/users\/3"}],"replies":[{"embeddable":true,"href":"https:\/\/infovera.com.ar\/web\/wp-json\/wp\/v2\/comments?post=34093"}],"version-history":[{"count":0,"href":"https:\/\/infovera.com.ar\/web\/wp-json\/wp\/v2\/posts\/34093\/revisions"}],"wp:featuredmedia":[{"embeddable":true,"href":"https:\/\/infovera.com.ar\/web\/wp-json\/wp\/v2\/media\/34094"}],"wp:attachment":[{"href":"https:\/\/infovera.com.ar\/web\/wp-json\/wp\/v2\/media?parent=34093"}],"wp:term":[{"taxonomy":"category","embeddable":true,"href":"https:\/\/infovera.com.ar\/web\/wp-json\/wp\/v2\/categories?post=34093"},{"taxonomy":"post_tag","embeddable":true,"href":"https:\/\/infovera.com.ar\/web\/wp-json\/wp\/v2\/tags?post=34093"}],"curies":[{"name":"wp","href":"https:\/\/api.w.org\/{rel}","templated":true}]}}