{"id":34053,"date":"2022-04-19T20:22:59","date_gmt":"2022-04-19T23:22:59","guid":{"rendered":"https:\/\/infovera.com.ar\/web\/?p=34053"},"modified":"2022-04-21T09:32:53","modified_gmt":"2022-04-21T12:32:53","slug":"la-provincia-analiza-incorporar-mas-docentes-para-cumplir-con-el-esquema-de-extension-horaria","status":"publish","type":"post","link":"https:\/\/infovera.com.ar\/web\/2022\/04\/19\/la-provincia-analiza-incorporar-mas-docentes-para-cumplir-con-el-esquema-de-extension-horaria\/","title":{"rendered":"La provincia analiza incorporar m\u00e1s docentes para cumplir con el esquema de extensi\u00f3n horaria"},"content":{"rendered":"<p><strong>Lo adelant\u00f3 la minista de Educaci\u00f3n, Adriana Cantero. Fue tras un encuentro paritario que tuvo como objetivo dialogar acerca de los alcances de la propuesta impulsada por la cartera educativa nacional.<\/strong><\/p>\n<p>Este martes, la ministra de Educaci\u00f3n de la provincia, Adriana Cantero, junto a funcionarios del \u00e1rea, mantuvo una reuni\u00f3n paritaria con representantes de los sindicatos docentes de la provincia para iniciar el di\u00e1logo y los consensos necesarios en relaci\u00f3n a la propuesta de la cartera educativa nacional de sumar una hora m\u00e1s de clases en las escuelas primarias de todo el pa\u00eds, sugerencia que ya fue aprobada por la 117\u00b0 asamblea del Consejo Federal de Educaci\u00f3n (CFE).<\/p>\n<p>En ese contexto, Cantero expres\u00f3: \u201cLa jornada de primaria se extiende hacia 5 horas diarias de cursado en todo el pa\u00eds y nosotros creemos que es una gran pol\u00edtica para la educaci\u00f3n de nuestras infancias y por eso Santa Fe ya tiene un plan de progresividad para resolverlo qu\u00e9 es lo que estamos compartiendo con todos los trabajadores de la educaci\u00f3n pero tambi\u00e9n con la comunidad santafesina\u201d.<\/p>\n<p>En referencia a la sumatoria de d\u00edas en el calendario escolar, Cantero precis\u00f3 que \u201cagregar un cursado de una hora c\u00e1tedra m\u00e1s por d\u00eda implica recuperar en el a\u00f1o 20 d\u00edas de clases m\u00e1s sobre un ciclo lectivo de 190 d\u00edas y es un tiempo important\u00edsimo para que los chicos puedan aprender m\u00e1s y mejor. Esto lo hacemos sin tocar ning\u00fan derecho adquirido de los docentes ni de los asistentes escolares porque la centralidad de la decisi\u00f3n son los ni\u00f1os y las ni\u00f1as\u201d.<\/p>\n<p><iframe loading=\"lazy\" title=\"Cantero present\u00f3 el esquema de extensi\u00f3n horaria a los gremios docentes\" width=\"696\" height=\"392\" src=\"https:\/\/www.youtube.com\/embed\/bdN8Rhl9iB0?feature=oembed\" frameborder=\"0\" allow=\"accelerometer; autoplay; clipboard-write; encrypted-media; gyroscope; picture-in-picture; web-share\" referrerpolicy=\"strict-origin-when-cross-origin\" allowfullscreen><\/iframe><\/p>\n<p>Reiterando la importancia de la propuesta para las y los alumnos de educaci\u00f3n primaria, la ministra de Educaci\u00f3n de Santa Fe remarc\u00f3: \u201cEllos y ellas van a tener una jornada de 5 horas y para ello vamos a pensar en la posibilidad de incorporar actores a la educaci\u00f3n, por lo tanto tambi\u00e9n es un incremento de las fuentes de trabajo para que podamos fortalecer esta jornada con la centralidad en que los ni\u00f1os y las ni\u00f1as puedan estar en la escuela aprendiendo m\u00e1s y mejor, incorporando incluso saberes que son fundamentales para enfrentar el tiempo que les toca vivir\u201d.<\/p>\n<p>En relaci\u00f3n a ello, hizo menci\u00f3n a algunas pautas que se est\u00e1n pensando al respecto: \u201cFortalecer la lectura y la escritura, y tambi\u00e9n las experiencias en ciencia y tecnolog\u00eda con los nuevos recursos digitales porque esto articula tambi\u00e9n con Santa Fe + Conectada\u201d.<\/p>\n<p>Para finalizar, la funcionaria reiter\u00f3 la trascendencia de la propuesta precisando que \u201ccreemos que es una gran oportunidad para nuestras infancias y tambi\u00e9n para que todos los trabajadores y actores de la educaci\u00f3n tengan m\u00e1s derechos y m\u00e1s posibilidades\u201d.<\/p>\n<p>La propuesta continuar\u00e1 siendo analizada en otra reuni\u00f3n de car\u00e1cter presencial despu\u00e9s del cuarto intermedio acordado en el encuentro de la presente jornada.<\/p>\n","protected":false},"excerpt":{"rendered":"<p>Lo adelant\u00f3 la minista de Educaci\u00f3n, Adriana Cantero. Fue tras un encuentro paritario que tuvo como objetivo dialogar acerca de los alcances de la propuesta impulsada por la cartera educativa nacional. Este martes, la ministra de Educaci\u00f3n de la provincia, Adriana Cantero, junto a funcionarios del \u00e1rea, mantuvo una reuni\u00f3n paritaria con representantes de los [&hellip;]<\/p>\n","protected":false},"author":3,"featured_media":34056,"comment_status":"closed","ping_status":"closed","sticky":false,"template":"","format":"standard","meta":{"_joinchat":[],"footnotes":""},"categories":[60],"tags":[],"class_list":{"0":"post-34053","1":"post","2":"type-post","3":"status-publish","4":"format-standard","5":"has-post-thumbnail","7":"category-provinciales"},"_links":{"self":[{"href":"https:\/\/infovera.com.ar\/web\/wp-json\/wp\/v2\/posts\/34053","targetHints":{"allow":["GET"]}}],"collection":[{"href":"https:\/\/infovera.com.ar\/web\/wp-json\/wp\/v2\/posts"}],"about":[{"href":"https:\/\/infovera.com.ar\/web\/wp-json\/wp\/v2\/types\/post"}],"author":[{"embeddable":true,"href":"https:\/\/infovera.com.ar\/web\/wp-json\/wp\/v2\/users\/3"}],"replies":[{"embeddable":true,"href":"https:\/\/infovera.com.ar\/web\/wp-json\/wp\/v2\/comments?post=34053"}],"version-history":[{"count":0,"href":"https:\/\/infovera.com.ar\/web\/wp-json\/wp\/v2\/posts\/34053\/revisions"}],"wp:featuredmedia":[{"embeddable":true,"href":"https:\/\/infovera.com.ar\/web\/wp-json\/wp\/v2\/media\/34056"}],"wp:attachment":[{"href":"https:\/\/infovera.com.ar\/web\/wp-json\/wp\/v2\/media?parent=34053"}],"wp:term":[{"taxonomy":"category","embeddable":true,"href":"https:\/\/infovera.com.ar\/web\/wp-json\/wp\/v2\/categories?post=34053"},{"taxonomy":"post_tag","embeddable":true,"href":"https:\/\/infovera.com.ar\/web\/wp-json\/wp\/v2\/tags?post=34053"}],"curies":[{"name":"wp","href":"https:\/\/api.w.org\/{rel}","templated":true}]}}