{"id":33965,"date":"2022-04-18T11:00:13","date_gmt":"2022-04-18T14:00:13","guid":{"rendered":"https:\/\/infovera.com.ar\/web\/?p=33965"},"modified":"2022-04-19T13:12:22","modified_gmt":"2022-04-19T16:12:22","slug":"triple-choque-con-lesionados-en-calchaqui","status":"publish","type":"post","link":"https:\/\/infovera.com.ar\/web\/2022\/04\/18\/triple-choque-con-lesionados-en-calchaqui\/","title":{"rendered":"Triple choque con lesionados en Calchaqu\u00ed"},"content":{"rendered":"<p><strong>A las 16 del domingo, personal policial de la Comisar\u00eda 2da. de Calchaqu\u00ed acudi\u00f3 al km 682 de la Ruta 11 donde, por causas que se tratan de establecer, entraron en colisi\u00f3n tres veh\u00edculos:<\/strong><\/p>\n<p>un Fiat Siena conducido\u00a0por un hombre de 34 a\u00f1os domiciliado la localidad de Brikman, C\u00f3rdoba, acompa\u00f1ado de una joven de 28 a\u00f1os; Renault Sandero, su conductor un hombre de 49 Aa\u00f1os domiciliado en Santa Fe Capital, quien lo hac\u00eda acompa\u00f1ado de<br \/>\ntres mujeres de 48, 38, 19 a\u00f1osy de un hombe de 31 a\u00f1os; y una Eco Sport, conducida<br \/>\npor un hombre de 35 a\u00f1os domiciliado en Villa \u00c1ngela, Chaco, que iba acompa\u00f1ado de cuatro personas.<\/p>\n<p>Los intervinientes en el siniestro vial recibieron asistencia m\u00e9dica en el Hospital de Calchaqu\u00ed.<\/p>\n","protected":false},"excerpt":{"rendered":"<p>A las 16 del domingo, personal policial de la Comisar\u00eda 2da. de Calchaqu\u00ed acudi\u00f3 al km 682 de la Ruta 11 donde, por causas que se tratan de establecer, entraron en colisi\u00f3n tres veh\u00edculos: un Fiat Siena conducido\u00a0por un hombre de 34 a\u00f1os domiciliado la localidad de Brikman, C\u00f3rdoba, acompa\u00f1ado de una joven de 28 [&hellip;]<\/p>\n","protected":false},"author":3,"featured_media":33968,"comment_status":"closed","ping_status":"closed","sticky":false,"template":"","format":"standard","meta":{"_joinchat":[],"footnotes":""},"categories":[52,30],"tags":[],"class_list":{"0":"post-33965","1":"post","2":"type-post","3":"status-publish","4":"format-standard","5":"has-post-thumbnail","7":"category-calchaqui","8":"category-policiales"},"_links":{"self":[{"href":"https:\/\/infovera.com.ar\/web\/wp-json\/wp\/v2\/posts\/33965","targetHints":{"allow":["GET"]}}],"collection":[{"href":"https:\/\/infovera.com.ar\/web\/wp-json\/wp\/v2\/posts"}],"about":[{"href":"https:\/\/infovera.com.ar\/web\/wp-json\/wp\/v2\/types\/post"}],"author":[{"embeddable":true,"href":"https:\/\/infovera.com.ar\/web\/wp-json\/wp\/v2\/users\/3"}],"replies":[{"embeddable":true,"href":"https:\/\/infovera.com.ar\/web\/wp-json\/wp\/v2\/comments?post=33965"}],"version-history":[{"count":0,"href":"https:\/\/infovera.com.ar\/web\/wp-json\/wp\/v2\/posts\/33965\/revisions"}],"wp:featuredmedia":[{"embeddable":true,"href":"https:\/\/infovera.com.ar\/web\/wp-json\/wp\/v2\/media\/33968"}],"wp:attachment":[{"href":"https:\/\/infovera.com.ar\/web\/wp-json\/wp\/v2\/media?parent=33965"}],"wp:term":[{"taxonomy":"category","embeddable":true,"href":"https:\/\/infovera.com.ar\/web\/wp-json\/wp\/v2\/categories?post=33965"},{"taxonomy":"post_tag","embeddable":true,"href":"https:\/\/infovera.com.ar\/web\/wp-json\/wp\/v2\/tags?post=33965"}],"curies":[{"name":"wp","href":"https:\/\/api.w.org\/{rel}","templated":true}]}}