{"id":33941,"date":"2022-04-16T20:00:53","date_gmt":"2022-04-16T23:00:53","guid":{"rendered":"https:\/\/infovera.com.ar\/web\/?p=33941"},"modified":"2022-04-17T20:12:47","modified_gmt":"2022-04-17T23:12:47","slug":"operativos-de-control-vehicular-en-rutas-del-departamento-vera","status":"publish","type":"post","link":"https:\/\/infovera.com.ar\/web\/2022\/04\/16\/operativos-de-control-vehicular-en-rutas-del-departamento-vera\/","title":{"rendered":"Operativos de control vehicular en rutas del departamento Vera"},"content":{"rendered":"<p><strong>Por orden del Jefe de la Unidad Regional XIX, Vera durante fin de semana se realizan diferentes operativos de control vehicular a los fines de incrementar la prevenci\u00f3n, seguridad y educaci\u00f3n vial en diferentes rutas que se hallan trazadas en el \u00e1mbito del departamento Vera.<\/strong><\/p>\n<p>Los operativos son efectuados en distintos horarios asignados a las dependencias (comisar\u00edas, subcomisar\u00edas, etc.) mediante orden operacional, con conocimiento y autorizaci\u00f3n de la Jefatura de Polic\u00eda de la provincia.<\/p>\n<p>Se llevan a cabo en intersecciones de zonas urbanas y suburbanas conforme a la diagramaci\u00f3n de la divisi\u00f3n Operaciones Policiales URXIX, en atenci\u00f3n a que la funci\u00f3n del trabajo policial es prevenir, disuadir, desalentar y actuar ante cualquier tipo de conducta il\u00edcita y\/o contravenciones.<\/p>\n","protected":false},"excerpt":{"rendered":"<p>Por orden del Jefe de la Unidad Regional XIX, Vera durante fin de semana se realizan diferentes operativos de control vehicular a los fines de incrementar la prevenci\u00f3n, seguridad y educaci\u00f3n vial en diferentes rutas que se hallan trazadas en el \u00e1mbito del departamento Vera. Los operativos son efectuados en distintos horarios asignados a las [&hellip;]<\/p>\n","protected":false},"author":3,"featured_media":33942,"comment_status":"closed","ping_status":"closed","sticky":false,"template":"","format":"standard","meta":{"_joinchat":[],"footnotes":""},"categories":[51,30],"tags":[],"class_list":{"0":"post-33941","1":"post","2":"type-post","3":"status-publish","4":"format-standard","5":"has-post-thumbnail","7":"category-locales","8":"category-policiales"},"_links":{"self":[{"href":"https:\/\/infovera.com.ar\/web\/wp-json\/wp\/v2\/posts\/33941","targetHints":{"allow":["GET"]}}],"collection":[{"href":"https:\/\/infovera.com.ar\/web\/wp-json\/wp\/v2\/posts"}],"about":[{"href":"https:\/\/infovera.com.ar\/web\/wp-json\/wp\/v2\/types\/post"}],"author":[{"embeddable":true,"href":"https:\/\/infovera.com.ar\/web\/wp-json\/wp\/v2\/users\/3"}],"replies":[{"embeddable":true,"href":"https:\/\/infovera.com.ar\/web\/wp-json\/wp\/v2\/comments?post=33941"}],"version-history":[{"count":0,"href":"https:\/\/infovera.com.ar\/web\/wp-json\/wp\/v2\/posts\/33941\/revisions"}],"wp:featuredmedia":[{"embeddable":true,"href":"https:\/\/infovera.com.ar\/web\/wp-json\/wp\/v2\/media\/33942"}],"wp:attachment":[{"href":"https:\/\/infovera.com.ar\/web\/wp-json\/wp\/v2\/media?parent=33941"}],"wp:term":[{"taxonomy":"category","embeddable":true,"href":"https:\/\/infovera.com.ar\/web\/wp-json\/wp\/v2\/categories?post=33941"},{"taxonomy":"post_tag","embeddable":true,"href":"https:\/\/infovera.com.ar\/web\/wp-json\/wp\/v2\/tags?post=33941"}],"curies":[{"name":"wp","href":"https:\/\/api.w.org\/{rel}","templated":true}]}}