{"id":33933,"date":"2022-04-16T20:45:43","date_gmt":"2022-04-16T23:45:43","guid":{"rendered":"https:\/\/infovera.com.ar\/web\/?p=33933"},"modified":"2022-04-18T12:18:06","modified_gmt":"2022-04-18T15:18:06","slug":"es-enfermera-paro-a-ayudar-a-una-chica-que-se-ahogaba-y-le-robaron-la-mochila-con-documentacion","status":"publish","type":"post","link":"https:\/\/infovera.com.ar\/web\/2022\/04\/16\/es-enfermera-paro-a-ayudar-a-una-chica-que-se-ahogaba-y-le-robaron-la-mochila-con-documentacion\/","title":{"rendered":"Es enfermera, par\u00f3 a ayudar a una chica que se ahogaba y mientras la atend\u00eda le robaron del auto la mochila con documentaci\u00f3n"},"content":{"rendered":"<p><strong>El hecho ocurri\u00f3n en las primeras horas de la ma\u00f1ana de este s\u00e1bado en Vera.<\/strong><\/p>\n<p>Paula Nadalutti es enfermera y trabaja en el Hospital Regional Vera. Esta ma\u00f1ana, cerca de las 6, iba hacia su trabajo cuando vio en la calle a una chica tirada en el suelo, a dos amigas m\u00e1s pidiendo auxilio y tres chicos que dec\u00edan &#8220;se ahoga, se ahoga&#8221;, seg\u00fan cont\u00f3 en sus redes.<\/p>\n<p>&#8220;No dud\u00e9 ni pens\u00e9, si s\u00e9 brindar primeros auxilios, por qu\u00e9 no me voy a bajar a ver qu\u00e9 pasa?&#8221;, pens\u00f3, para luego bajar de su veh\u00edculo y atender a la joven en problemas. Aunque comprob\u00f3 que no era nada grave, por prudencia llam\u00f3 a la ambulancia.<\/p>\n<p>Esta profesional de salud que vive en Margarita se retir\u00f3 entonces del lugar para dirigirse al nosocomio y all\u00ed &#8220;esperarla para atenderla&#8221;. Pero cuando lleg\u00f3 a su lugar de trabajo se dio cuenta que le faltaba su mochila, donde ten\u00eda todos sus elementos personales: &#8220;Documentos, mi licencia de conducir, mi carnet que me permite ejercer. No estaba, entonces me doy cuenta que me la hab\u00edan robado. De adentro del auto, que estaba encendido, pero cerrado. No s\u00e9 qui\u00e9n, ni c\u00f3mo, pero s\u00e9 que fue ah\u00ed&#8221;.<\/p>\n<p>Atribulada como estaba por la situaci\u00f3n, cuando lleg\u00f3 el m\u00f3vil sanitario le pregunt\u00f3 a un familiar de la paciente que hab\u00eda socorrido si sab\u00eda algo, y esta persona le contest\u00f3 que s\u00ed, que &#8220;fue un amigo&#8221;. Se lo dijo, cont\u00f3 con asombro, &#8220;sin que le tiemble la voz para hablar&#8221;.<\/p>\n<p>Paula agradeci\u00f3 al personal policial que m\u00e1s tarde hall\u00f3 parte de lo robado y lament\u00f3 que le haya quedado &#8220;el gusto amargo de trabajar con angustia y la experiencia. Quiz\u00e1s si me llegase a pasar de vuelta no voy a dudar en bajarme, solo que est\u00e1 vez primero tengo que requisar que mis cosas est\u00e9n intactas antes de bajarme del auto y llavearlo. Pero, \u00bfcu\u00e1nto tiempo perder\u00eda si verdaderamente alguien necesita ayuda?&#8221;.<\/p>\n<p><strong>Sin detenidos<\/strong><\/p>\n<p>La Unidad Regional XIX inform\u00f3 esta tarde sobre la denuncia radicada ante la Comisar\u00eda 1era. por esta joven de 25 a\u00f1os, quien manifest\u00f3 que siendo las 6, en circunstancias que se dirigir\u00eda en su autom\u00f3vil por inmediaciones de calles 25 de Mayo y Rivadavia, detuvo la marcha de su veh\u00edculo a los fines de asistir a una persona.<\/p>\n<p>Expuso que al regresar comprob\u00f3 que persona\/s de identidad\/es ignorada\/s ingresaron y le sustrajeron una mochila de tama\u00f1o mediano con diversas documentaciones (licencia de conducir, carnet de Anses ,tarjetero, etc).<\/p>\n<p>De patrullajes efectuados en inmediaciones de calle 9 de Julio y Rivadavia, efectivos del Comando visualizaron en la v\u00eda publica documentaciones y elementos varios en estado de abandono, procedi\u00e9ndose al secuestro preventivo de los objetos y verificando que eran propiedad de la denunciante, haci\u00e9ndose entrega de los mismos.<\/p>\n<p>Se prosiguen diligencias a los fines de establecer los autores del il\u00edcito. Por el momento no hay detenidos.<\/p>\n<p>&nbsp;<\/p>\n","protected":false},"excerpt":{"rendered":"<p>El hecho ocurri\u00f3n en las primeras horas de la ma\u00f1ana de este s\u00e1bado en Vera. Paula Nadalutti es enfermera y trabaja en el Hospital Regional Vera. Esta ma\u00f1ana, cerca de las 6, iba hacia su trabajo cuando vio en la calle a una chica tirada en el suelo, a dos amigas m\u00e1s pidiendo auxilio y [&hellip;]<\/p>\n","protected":false},"author":3,"featured_media":33936,"comment_status":"closed","ping_status":"closed","sticky":false,"template":"","format":"standard","meta":{"_joinchat":[],"footnotes":""},"categories":[30,53],"tags":[],"class_list":{"0":"post-33933","1":"post","2":"type-post","3":"status-publish","4":"format-standard","5":"has-post-thumbnail","7":"category-policiales","8":"category-vera"},"_links":{"self":[{"href":"https:\/\/infovera.com.ar\/web\/wp-json\/wp\/v2\/posts\/33933","targetHints":{"allow":["GET"]}}],"collection":[{"href":"https:\/\/infovera.com.ar\/web\/wp-json\/wp\/v2\/posts"}],"about":[{"href":"https:\/\/infovera.com.ar\/web\/wp-json\/wp\/v2\/types\/post"}],"author":[{"embeddable":true,"href":"https:\/\/infovera.com.ar\/web\/wp-json\/wp\/v2\/users\/3"}],"replies":[{"embeddable":true,"href":"https:\/\/infovera.com.ar\/web\/wp-json\/wp\/v2\/comments?post=33933"}],"version-history":[{"count":0,"href":"https:\/\/infovera.com.ar\/web\/wp-json\/wp\/v2\/posts\/33933\/revisions"}],"wp:featuredmedia":[{"embeddable":true,"href":"https:\/\/infovera.com.ar\/web\/wp-json\/wp\/v2\/media\/33936"}],"wp:attachment":[{"href":"https:\/\/infovera.com.ar\/web\/wp-json\/wp\/v2\/media?parent=33933"}],"wp:term":[{"taxonomy":"category","embeddable":true,"href":"https:\/\/infovera.com.ar\/web\/wp-json\/wp\/v2\/categories?post=33933"},{"taxonomy":"post_tag","embeddable":true,"href":"https:\/\/infovera.com.ar\/web\/wp-json\/wp\/v2\/tags?post=33933"}],"curies":[{"name":"wp","href":"https:\/\/api.w.org\/{rel}","templated":true}]}}