{"id":33858,"date":"2022-04-12T15:30:33","date_gmt":"2022-04-12T18:30:33","guid":{"rendered":"https:\/\/infovera.com.ar\/web\/?p=33858"},"modified":"2022-04-12T15:30:33","modified_gmt":"2022-04-12T18:30:33","slug":"maximiliano-pullaro-ni-paz-ni-orden-y-un-gigante-dormido-por-la-falta-de-gestion-de-perotti","status":"publish","type":"post","link":"https:\/\/infovera.com.ar\/web\/2022\/04\/12\/maximiliano-pullaro-ni-paz-ni-orden-y-un-gigante-dormido-por-la-falta-de-gestion-de-perotti\/","title":{"rendered":"Maximiliano Pullaro: \u201dNi paz ni orden y un gigante dormido por la falta de gesti\u00f3n de Perotti\u201d"},"content":{"rendered":"<p style=\"font-weight: 400;\"><em>El diputado radical, presidente de la bancada Evoluci\u00f3n, fustig\u00f3 al gobernador y pidi\u00f3 que el gobierno acompa\u00f1e y defienda m\u00e1s a los sectores productivos santafesinos.<\/em><\/p>\n<p style=\"font-weight: 400;\">\n<p style=\"font-weight: 400;\">\u201cParad\u00f3jicamente las 2 promesas de campa\u00f1a mas notorias de Omar Perotti se convirtieron en la mentira mas grande dicha jam\u00e1s. Ni paz, ni orden y una provincia gigante como la nuestra dormida ante los intereses del gobierno nacional kirchnerista\u201d, sostuvo Pullaro.<\/p>\n<p style=\"font-weight: 400;\">\n<p style=\"font-weight: 400;\">Desde el domingo, Pullaro se encuentra en el centro &#8211; norte de la provincia recorriendo empresas y dialogando con emprendedores, trabajadores y dirigentes. En el marco de la agenda territorial que despliega desde que asumi\u00f3 su banca, el legislador particip\u00f3 del festival de la confraternidad en San Guillermo, visit\u00f3 el Centro de Innovaci\u00f3n Tecnol\u00f3gica, Empresarial y Social en Sunchales y luego la actividad lo llev\u00f3 a Rafaela donde visit\u00f3 el Club Atl\u00e9tico Rafaela y la f\u00e1brica de colchones Sue\u00f1o Dorado. Tambi\u00e9n por las localidades de Frontera y San Vicente.<\/p>\n<p style=\"font-weight: 400;\">\n<p style=\"font-weight: 400;\">\u201cSanta Fe es una provincia potente, con fuerza productiva y capacidad emprendedora enormes. No vemos que haya acompa\u00f1amiento suficiente desde el gobierno provincial. Necesitamos un trabajo de articulaci\u00f3n que potencie las virtudes santafesinas y una gesti\u00f3n que defienda los intereses de todos los sectores generadores de empleo e ingresos para Santa Fe,\u201d a\u00f1adi\u00f3 el legislador.<\/p>\n<p style=\"font-weight: 400;\">\n<p style=\"font-weight: 400;\">El presidente del bloque Evoluci\u00f3n no deja pasar oportunidad para remarcar la mala gesti\u00f3n de Perotti y a la vez construye una agenda de cara a las pr\u00f3ximas elecciones, con dirigentes de diversos sectores no peronistas. En ese camino el domingo se lo vio junto a Federico Angelini, Felipe Michlig, Gabriel Chumpitaz y Victoria Tejeda.<\/p>\n<p style=\"font-weight: 400;\">\n<p style=\"font-weight: 400;\">El lunes durante su paso por Sunchales mantuvo una reuni\u00f3n con el intendente Gonzalo Toselli e hizo lo propio en Rafaela, Frontera y San Vicente con dirigentes de la zona. En los pr\u00f3ximos d\u00edas est\u00e1 previsto el segundo encuentro del ciclo denominado Agenda Abierta 2023, que apunta a construir un plan de gobierno con participaci\u00f3n de los vecinos de cada regi\u00f3n y previsi\u00f3n con respecto a las acciones.<\/p>\n","protected":false},"excerpt":{"rendered":"<p>El diputado radical, presidente de la bancada Evoluci\u00f3n, fustig\u00f3 al gobernador y pidi\u00f3 que el gobierno acompa\u00f1e y defienda m\u00e1s a los sectores productivos santafesinos. \u201cParad\u00f3jicamente las 2 promesas de campa\u00f1a mas notorias de Omar Perotti se convirtieron en la mentira mas grande dicha jam\u00e1s. Ni paz, ni orden y una provincia gigante como la [&hellip;]<\/p>\n","protected":false},"author":3,"featured_media":33859,"comment_status":"closed","ping_status":"closed","sticky":false,"template":"","format":"standard","meta":{"_joinchat":[],"footnotes":""},"categories":[66],"tags":[],"class_list":{"0":"post-33858","1":"post","2":"type-post","3":"status-publish","4":"format-standard","5":"has-post-thumbnail","7":"category-politica"},"_links":{"self":[{"href":"https:\/\/infovera.com.ar\/web\/wp-json\/wp\/v2\/posts\/33858","targetHints":{"allow":["GET"]}}],"collection":[{"href":"https:\/\/infovera.com.ar\/web\/wp-json\/wp\/v2\/posts"}],"about":[{"href":"https:\/\/infovera.com.ar\/web\/wp-json\/wp\/v2\/types\/post"}],"author":[{"embeddable":true,"href":"https:\/\/infovera.com.ar\/web\/wp-json\/wp\/v2\/users\/3"}],"replies":[{"embeddable":true,"href":"https:\/\/infovera.com.ar\/web\/wp-json\/wp\/v2\/comments?post=33858"}],"version-history":[{"count":0,"href":"https:\/\/infovera.com.ar\/web\/wp-json\/wp\/v2\/posts\/33858\/revisions"}],"wp:featuredmedia":[{"embeddable":true,"href":"https:\/\/infovera.com.ar\/web\/wp-json\/wp\/v2\/media\/33859"}],"wp:attachment":[{"href":"https:\/\/infovera.com.ar\/web\/wp-json\/wp\/v2\/media?parent=33858"}],"wp:term":[{"taxonomy":"category","embeddable":true,"href":"https:\/\/infovera.com.ar\/web\/wp-json\/wp\/v2\/categories?post=33858"},{"taxonomy":"post_tag","embeddable":true,"href":"https:\/\/infovera.com.ar\/web\/wp-json\/wp\/v2\/tags?post=33858"}],"curies":[{"name":"wp","href":"https:\/\/api.w.org\/{rel}","templated":true}]}}