{"id":33795,"date":"2022-04-11T11:02:19","date_gmt":"2022-04-11T14:02:19","guid":{"rendered":"https:\/\/infovera.com.ar\/web\/?p=33795"},"modified":"2022-04-13T12:31:00","modified_gmt":"2022-04-13T15:31:00","slug":"un-policia-de-vera-involucrado-en-el-robo-de-38-rieles-en-reconquista","status":"publish","type":"post","link":"https:\/\/infovera.com.ar\/web\/2022\/04\/11\/un-policia-de-vera-involucrado-en-el-robo-de-38-rieles-en-reconquista\/","title":{"rendered":"Un polic\u00eda de Vera involucrado en el robo de 38 rieles en Reconquista"},"content":{"rendered":"<p><strong>El viernes por la tarde personal de la Guardia Rural Los Pumas intercept\u00f3 a la altura de Pueyrred\u00f3n al 2800, de Reconquista, un cami\u00f3n que llevaba 38 rieles.<\/strong><\/p>\n<p>Iban a bordo dos personas que no supieron justificar la procedencia.<\/p>\n<p>Una de las personas involucradas es personal policial con domicilio en la ciudad de Vera. se trata de Jonatan Jes\u00fas Sotelo, que iba acompa\u00f1ado por Julio C\u00e9sar G\u00f3mez.<\/p>\n<p>La causa pas\u00f3 a la fiscal\u00eda que seguramente en los pr\u00f3ximos d\u00edas va a pedir la indagatoria de los ocupantes del cami\u00f3n en estado de libertad.<\/p>\n","protected":false},"excerpt":{"rendered":"<p>El viernes por la tarde personal de la Guardia Rural Los Pumas intercept\u00f3 a la altura de Pueyrred\u00f3n al 2800, de Reconquista, un cami\u00f3n que llevaba 38 rieles. Iban a bordo dos personas que no supieron justificar la procedencia. Una de las personas involucradas es personal policial con domicilio en la ciudad de Vera. se [&hellip;]<\/p>\n","protected":false},"author":3,"featured_media":33796,"comment_status":"closed","ping_status":"closed","sticky":false,"template":"","format":"standard","meta":{"_joinchat":[],"footnotes":""},"categories":[55],"tags":[],"class_list":{"0":"post-33795","1":"post","2":"type-post","3":"status-publish","4":"format-standard","5":"has-post-thumbnail","7":"category-reconquista"},"_links":{"self":[{"href":"https:\/\/infovera.com.ar\/web\/wp-json\/wp\/v2\/posts\/33795","targetHints":{"allow":["GET"]}}],"collection":[{"href":"https:\/\/infovera.com.ar\/web\/wp-json\/wp\/v2\/posts"}],"about":[{"href":"https:\/\/infovera.com.ar\/web\/wp-json\/wp\/v2\/types\/post"}],"author":[{"embeddable":true,"href":"https:\/\/infovera.com.ar\/web\/wp-json\/wp\/v2\/users\/3"}],"replies":[{"embeddable":true,"href":"https:\/\/infovera.com.ar\/web\/wp-json\/wp\/v2\/comments?post=33795"}],"version-history":[{"count":0,"href":"https:\/\/infovera.com.ar\/web\/wp-json\/wp\/v2\/posts\/33795\/revisions"}],"wp:featuredmedia":[{"embeddable":true,"href":"https:\/\/infovera.com.ar\/web\/wp-json\/wp\/v2\/media\/33796"}],"wp:attachment":[{"href":"https:\/\/infovera.com.ar\/web\/wp-json\/wp\/v2\/media?parent=33795"}],"wp:term":[{"taxonomy":"category","embeddable":true,"href":"https:\/\/infovera.com.ar\/web\/wp-json\/wp\/v2\/categories?post=33795"},{"taxonomy":"post_tag","embeddable":true,"href":"https:\/\/infovera.com.ar\/web\/wp-json\/wp\/v2\/tags?post=33795"}],"curies":[{"name":"wp","href":"https:\/\/api.w.org\/{rel}","templated":true}]}}