{"id":33689,"date":"2022-04-07T00:45:12","date_gmt":"2022-04-07T03:45:12","guid":{"rendered":"https:\/\/infovera.com.ar\/web\/?p=33689"},"modified":"2022-04-07T00:45:12","modified_gmt":"2022-04-07T03:45:12","slug":"aic-detuvo-a-un-hombre-y-realizo-allanamientos","status":"publish","type":"post","link":"https:\/\/infovera.com.ar\/web\/2022\/04\/07\/aic-detuvo-a-un-hombre-y-realizo-allanamientos\/","title":{"rendered":"AIC detuvo a un hombre y realiz\u00f3 allanamientos"},"content":{"rendered":"<p>Asimismo realiz\u00f3 diferentes allanamientos y secuestros por una causa de robo.<\/p>\n<p>&nbsp;<\/p>\n<p>La Agencia de Investigaci\u00f3n Criminal que depende del Ministerio de Seguridad de Santa Fe, intervino en tres allanamientos donde detuvo al principal implicado en un robo a un comercio de la ciudad de San Justo. Asimismo, secuestro veh\u00edculos, tel\u00e9fonos celulares, cartuchos calibre 22 e indumentaria que aportan validez a la investigaci\u00f3n judicial.<\/p>\n<p>&nbsp;<\/p>\n<p>El hecho delictivo se perpetr\u00f3 la \u00faltima semana del mes de marzo de este 2022, donde resultara v\u00edctima un comercio ubicado sobre la Ruta Nacional 11, dedicado al rubro de herramientas e insumos para transportes y veh\u00edculos de gran porte. En esa oportunidad lograron violentar un port\u00f3n de ingreso y posteriormente cumplir el cometido delictivo.<\/p>\n<p>&nbsp;<\/p>\n<p>Con la intervenci\u00f3n de la Fiscal\u00eda a cargo del Dr. GUILLERMO PERSELLO, se tomaron medidas de manera inmediata para avanzar en la investigaci\u00f3n criminal. Bajos las directivas del Fiscal y con el aporte de la AIC se realizaron diferentes tareas de campo, informaciones y monitoreo de im\u00e1genes que permitieron identificar al presunto autor del Robo.<\/p>\n<p>&nbsp;<\/p>\n<p>En la jornada se implementaron tres allanamientos en la ciudad de San Justo, otorgados por S.S Dr. SERGIO CARRARO con importantes resultados, destacando la detenci\u00f3n de F.F de 30 a\u00f1os, y el secuestro de un Autom\u00f3vil VW GOL TREND color gris, dos tel\u00e9fonos celulares, una suma superior a los 60.000 mil pesos en efectivo, algunos cartuchos cal. 22 magnum, e indumentaria s\u00edmil a la utilizada al momento del Robo.<\/p>\n","protected":false},"excerpt":{"rendered":"<p>Asimismo realiz\u00f3 diferentes allanamientos y secuestros por una causa de robo. &nbsp; La Agencia de Investigaci\u00f3n Criminal que depende del Ministerio de Seguridad de Santa Fe, intervino en tres allanamientos donde detuvo al principal implicado en un robo a un comercio de la ciudad de San Justo. Asimismo, secuestro veh\u00edculos, tel\u00e9fonos celulares, cartuchos calibre 22 [&hellip;]<\/p>\n","protected":false},"author":3,"featured_media":33692,"comment_status":"closed","ping_status":"closed","sticky":false,"template":"","format":"standard","meta":{"_joinchat":[],"footnotes":""},"categories":[61],"tags":[],"class_list":{"0":"post-33689","1":"post","2":"type-post","3":"status-publish","4":"format-standard","5":"has-post-thumbnail","7":"category-regionales"},"_links":{"self":[{"href":"https:\/\/infovera.com.ar\/web\/wp-json\/wp\/v2\/posts\/33689","targetHints":{"allow":["GET"]}}],"collection":[{"href":"https:\/\/infovera.com.ar\/web\/wp-json\/wp\/v2\/posts"}],"about":[{"href":"https:\/\/infovera.com.ar\/web\/wp-json\/wp\/v2\/types\/post"}],"author":[{"embeddable":true,"href":"https:\/\/infovera.com.ar\/web\/wp-json\/wp\/v2\/users\/3"}],"replies":[{"embeddable":true,"href":"https:\/\/infovera.com.ar\/web\/wp-json\/wp\/v2\/comments?post=33689"}],"version-history":[{"count":0,"href":"https:\/\/infovera.com.ar\/web\/wp-json\/wp\/v2\/posts\/33689\/revisions"}],"wp:featuredmedia":[{"embeddable":true,"href":"https:\/\/infovera.com.ar\/web\/wp-json\/wp\/v2\/media\/33692"}],"wp:attachment":[{"href":"https:\/\/infovera.com.ar\/web\/wp-json\/wp\/v2\/media?parent=33689"}],"wp:term":[{"taxonomy":"category","embeddable":true,"href":"https:\/\/infovera.com.ar\/web\/wp-json\/wp\/v2\/categories?post=33689"},{"taxonomy":"post_tag","embeddable":true,"href":"https:\/\/infovera.com.ar\/web\/wp-json\/wp\/v2\/tags?post=33689"}],"curies":[{"name":"wp","href":"https:\/\/api.w.org\/{rel}","templated":true}]}}