{"id":33420,"date":"2022-04-01T11:38:14","date_gmt":"2022-04-01T14:38:14","guid":{"rendered":"https:\/\/infovera.com.ar\/web\/?p=33420"},"modified":"2022-04-03T13:53:10","modified_gmt":"2022-04-03T16:53:10","slug":"crisis-en-el-geriatrico-de-tartagal-empleados-se-manifestaron-contra-el-regente-y-reclamaron-la-intervencion-de-la-provincia","status":"publish","type":"post","link":"https:\/\/infovera.com.ar\/web\/2022\/04\/01\/crisis-en-el-geriatrico-de-tartagal-empleados-se-manifestaron-contra-el-regente-y-reclamaron-la-intervencion-de-la-provincia\/","title":{"rendered":"Crisis en el geri\u00e1trico de Tartagal: empleados se manifestaron contra el regente y reclamaron la intervenci\u00f3n de la provincia"},"content":{"rendered":"<p><strong>Con carteles que hablaban de &#8220;persecuci\u00f3n laboral&#8221; y llevaban la leyenda &#8220;queremos trabajar dignamente&#8221;, trabajadores del geri\u00e1trico &#8220;El Tajamar&#8221; dieron visibilidad a la situaci\u00f3n que dicen estar atravesando.<\/strong><\/p>\n<p>D\u00edas pasados, el personal del geri\u00e1trico \u201cEl Tajamar\u201d decidi\u00f3 remitir formal reclamo al Ministerio de Desarrollo de la Provincia a cargo del ministro Danilo Capitani.<\/p>\n<p>En la nota expusieron supuestas &#8220;actitudes ilegales&#8221; asumidas por un tal Silvio M., quien am\u00e9n de las conductas por las que lo apuntan los trabajadores, &#8220;se autoinstituy\u00f3 en Director del referido ente&#8221;, expres\u00f3 el Dr. Sixto Gonz\u00e1lez, patrocinante de los empleados sojuzgados.<\/p>\n<p>En esa l\u00ednea, el abogado adelant\u00f3 a <strong>InfoVera<\/strong> que de &#8220;subsistir esta apat\u00eda del Estado Provincial ante semejante atropello institucional, moral y f\u00edsico a sus dependientes, se interpondr\u00e1n las denuncias penales correspondientes ante el Ministerio P\u00fablico de la Acusaci\u00f3n&#8221;, con sede en esta ciudad de Vera.<\/p>\n<p>El profesional dijo que &#8220;entretanto, esperamos una pronta intervenci\u00f3n gubernamental que cubra el cargo vacante en la Direcci\u00f3n y que reestablezca el orden y la paz vulnerada por este empleado&#8221;.<\/p>\n","protected":false},"excerpt":{"rendered":"<p>Con carteles que hablaban de &#8220;persecuci\u00f3n laboral&#8221; y llevaban la leyenda &#8220;queremos trabajar dignamente&#8221;, trabajadores del geri\u00e1trico &#8220;El Tajamar&#8221; dieron visibilidad a la situaci\u00f3n que dicen estar atravesando. D\u00edas pasados, el personal del geri\u00e1trico \u201cEl Tajamar\u201d decidi\u00f3 remitir formal reclamo al Ministerio de Desarrollo de la Provincia a cargo del ministro Danilo Capitani. En la [&hellip;]<\/p>\n","protected":false},"author":3,"featured_media":33421,"comment_status":"closed","ping_status":"closed","sticky":false,"template":"","format":"standard","meta":{"_joinchat":[],"footnotes":""},"categories":[51],"tags":[],"class_list":{"0":"post-33420","1":"post","2":"type-post","3":"status-publish","4":"format-standard","5":"has-post-thumbnail","7":"category-locales"},"_links":{"self":[{"href":"https:\/\/infovera.com.ar\/web\/wp-json\/wp\/v2\/posts\/33420","targetHints":{"allow":["GET"]}}],"collection":[{"href":"https:\/\/infovera.com.ar\/web\/wp-json\/wp\/v2\/posts"}],"about":[{"href":"https:\/\/infovera.com.ar\/web\/wp-json\/wp\/v2\/types\/post"}],"author":[{"embeddable":true,"href":"https:\/\/infovera.com.ar\/web\/wp-json\/wp\/v2\/users\/3"}],"replies":[{"embeddable":true,"href":"https:\/\/infovera.com.ar\/web\/wp-json\/wp\/v2\/comments?post=33420"}],"version-history":[{"count":0,"href":"https:\/\/infovera.com.ar\/web\/wp-json\/wp\/v2\/posts\/33420\/revisions"}],"wp:featuredmedia":[{"embeddable":true,"href":"https:\/\/infovera.com.ar\/web\/wp-json\/wp\/v2\/media\/33421"}],"wp:attachment":[{"href":"https:\/\/infovera.com.ar\/web\/wp-json\/wp\/v2\/media?parent=33420"}],"wp:term":[{"taxonomy":"category","embeddable":true,"href":"https:\/\/infovera.com.ar\/web\/wp-json\/wp\/v2\/categories?post=33420"},{"taxonomy":"post_tag","embeddable":true,"href":"https:\/\/infovera.com.ar\/web\/wp-json\/wp\/v2\/tags?post=33420"}],"curies":[{"name":"wp","href":"https:\/\/api.w.org\/{rel}","templated":true}]}}