{"id":33416,"date":"2022-04-01T11:13:35","date_gmt":"2022-04-01T14:13:35","guid":{"rendered":"https:\/\/infovera.com.ar\/web\/?p=33416"},"modified":"2022-04-03T13:55:26","modified_gmt":"2022-04-03T16:55:26","slug":"la-provincia-avanza-en-la-refuncionalizacion-del-centro-operativo-forestal-santa-felicia","status":"publish","type":"post","link":"https:\/\/infovera.com.ar\/web\/2022\/04\/01\/la-provincia-avanza-en-la-refuncionalizacion-del-centro-operativo-forestal-santa-felicia\/","title":{"rendered":"Avances en la refuncionalizaci\u00f3n del Centro Operativo Forestal &#8220;Santa Felicia&#8221;"},"content":{"rendered":"<p><strong>Se realiz\u00f3 un encuentro en el que se brindaron detalles acerca del proyecto a representantes de entidades de la zona. El proyecto aspira a recuperar el protagonismo referencial en materia forestal, sustentado en una fuerte articulaci\u00f3n p\u00fablico \u2013 privada. <\/strong><strong>El objetivo del proyecto es recuperar el protagonismo referencial hist\u00f3rico de Santa Felicia en materia forestal.<\/strong><\/p>\n<p>El Gobierno de la provincia, a trav\u00e9s de la Secretar\u00eda de Agroalimentos del Ministerio de Producci\u00f3n, Ciencia y Tecnolog\u00eda, realiz\u00f3 una reuni\u00f3n informativa para brindar detalles del proyecto \u201cRefuncionalizaci\u00f3n del Centro Operativo Forestal Santa Felicia\u201d. La misma fue encabezada por el ministro del \u00e1rea, Daniel Costamagna y se desarroll\u00f3 en el Centro Operativo Experimental Las Gamas, en el marco de la jornada informativa sobre acciones y pol\u00edticas p\u00fablicas que el gobierno provincial lleva adelante en el norte santafesino.<\/p>\n<p>El mencionado proyecto aspira a recuperar el protagonismo referencial hist\u00f3rico de Santa Felicia en materia forestal, sustentado en una fuerte articulaci\u00f3n p\u00fablico \u2013 privada. Entre sus principales objetivos se encuentran: el incremento en la producci\u00f3n de plantas, el aprovechamiento de los recursos forestales madereros existentes, el desarrollo de investigaciones y experiencias demostrativas, la educaci\u00f3n y extensi\u00f3n, y una sede de capacitaciones.<\/p>\n<p>Al respecto, la Secretaria de Agroalimentos, Mar\u00eda Eugenia Carrizo, explic\u00f3: \u201cEn el plan de aprovechamiento, pr\u00f3ximo a iniciarse, se intervendr\u00e1 s\u00f3lo sobre las plantaciones forestales que fueran implantadas m\u00e1s de 70 a\u00f1os atr\u00e1s. Se trata de un visionario proyecto de investigaci\u00f3n y consistir\u00e1 en el aprovechamiento de eucalipto fundamentalmente y posterior agregado de valor. Cada aprovechamiento va a ir seguido de nuevas plantaciones para investigaciones, para hacer experiencias demostrativas, evaluar comportamiento de especies, materiales, tratamientos, para luego extrapolar en campos de productores y en el territorio: sistemas silvopastoriles, enriquecimiento y conservaci\u00f3n de bosques nativos y plantaciones forestales puras\u201d.<\/p>\n<p>Asimismo, asegur\u00f3 que \u201curge hacer ese aprovechamiento para el rescate del valios\u00edsimo material forestal todav\u00eda presente, para multiplicarlo luego y evitar que se sigan perdiendo plantas; logrando as\u00ed reducir riesgos potenciales para seguridad de las personas, de los bienes y de incendios. Se trata de plantas sin manejo y sin intervenciones\u201d.<\/p>\n<p>Por su parte, el subdirector de la Guardia Rural Los Pumas Santa Felicia, Dario Bled, calific\u00f3 la reuni\u00f3n como \u201cmuy positiva, muy nutritiva toda la informaci\u00f3n que se escuch\u00f3 sobre la gran importancia que va a ser para todos los santafesinos, fundamentalmente para el departamento Vera y zona. Reforestar y darle la importancia que se merece a esa joya que tenemos en el norte provincial como es el vivero de Santa Felicia es muy importante, por eso celebro una vez m\u00e1s estas obras, estos proyectos, porque ac\u00e1 todos ganamos, todos somos los beneficiarios\u201d.<\/p>\n<p>El Director de la Unidad Penal 10, Adrian Ortiz, destac\u00f3 \u201cPara instituciones vecinas el vivero es de vital importancia para el crecimiento de la zona y nos ponemos a entera disposici\u00f3n para todo aquello que vaya en pos de so\u00f1ar y trabajar por un futuro pr\u00f3spero para todos\u201d.<\/p>\n<p>Finalmente, el subjefe Agrupaci\u00f3n de Bomberos Zapadores de Vera, Diego Cuatr\u00edn, sostuvo: \u201cEn verdad fue muy bueno escuchar el proyecto, es muy interesante y nutrido en base a la informaci\u00f3n. La realizaci\u00f3n va a llevar tiempo pero es bueno saber que se empieza pronto y desde nuestro lugar como instituci\u00f3n van a tener todo el apoyo que est\u00e9 a nuestro alcance, en tanto a incendio c\u00f3mo en prevenci\u00f3n de los mismos, muchas gracias por la invitaci\u00f3n\u201d.<\/p>\n<p><strong>PRESENTES<\/strong><\/p>\n<p>Adem\u00e1s de las mencionadas autoridades, participaron de la actividad representantes del senador Departamental Osvaldo Sosa, Ministerio de Ambiente y Cambio Clim\u00e1tico, de la Direcci\u00f3n Provincial de Vialidad, del Instituto Nacional de Tecnolog\u00eda Agropecuaria (INTA), de la Fundaci\u00f3n Las Gamas, de la Municipalidad de Vera, de la Facultad de Ciencias Agrarias y Ciencias Veterinarias de la Universidad Nacional del Litoral, de la Escuela de la Familia Agr\u00edcola de Vera, de la Sociedad Rural de Vera, de la Uni\u00f3n de Organizaciones de Peque\u00f1os Productores de la Cu\u00f1a Boscosa y los Bajos Submeridionales de Santa Fe, de la Unidad Penal N\u00ba 10 Santa Felicia, de Bomberos voluntarios, y de la Guardia Rural Los Pumas.<\/p>\n","protected":false},"excerpt":{"rendered":"<p>Se realiz\u00f3 un encuentro en el que se brindaron detalles acerca del proyecto a representantes de entidades de la zona. El proyecto aspira a recuperar el protagonismo referencial en materia forestal, sustentado en una fuerte articulaci\u00f3n p\u00fablico \u2013 privada. El objetivo del proyecto es recuperar el protagonismo referencial hist\u00f3rico de Santa Felicia en materia forestal. [&hellip;]<\/p>\n","protected":false},"author":3,"featured_media":33417,"comment_status":"closed","ping_status":"closed","sticky":false,"template":"","format":"standard","meta":{"_joinchat":[],"footnotes":""},"categories":[53],"tags":[],"class_list":{"0":"post-33416","1":"post","2":"type-post","3":"status-publish","4":"format-standard","5":"has-post-thumbnail","7":"category-vera"},"_links":{"self":[{"href":"https:\/\/infovera.com.ar\/web\/wp-json\/wp\/v2\/posts\/33416","targetHints":{"allow":["GET"]}}],"collection":[{"href":"https:\/\/infovera.com.ar\/web\/wp-json\/wp\/v2\/posts"}],"about":[{"href":"https:\/\/infovera.com.ar\/web\/wp-json\/wp\/v2\/types\/post"}],"author":[{"embeddable":true,"href":"https:\/\/infovera.com.ar\/web\/wp-json\/wp\/v2\/users\/3"}],"replies":[{"embeddable":true,"href":"https:\/\/infovera.com.ar\/web\/wp-json\/wp\/v2\/comments?post=33416"}],"version-history":[{"count":0,"href":"https:\/\/infovera.com.ar\/web\/wp-json\/wp\/v2\/posts\/33416\/revisions"}],"wp:featuredmedia":[{"embeddable":true,"href":"https:\/\/infovera.com.ar\/web\/wp-json\/wp\/v2\/media\/33417"}],"wp:attachment":[{"href":"https:\/\/infovera.com.ar\/web\/wp-json\/wp\/v2\/media?parent=33416"}],"wp:term":[{"taxonomy":"category","embeddable":true,"href":"https:\/\/infovera.com.ar\/web\/wp-json\/wp\/v2\/categories?post=33416"},{"taxonomy":"post_tag","embeddable":true,"href":"https:\/\/infovera.com.ar\/web\/wp-json\/wp\/v2\/tags?post=33416"}],"curies":[{"name":"wp","href":"https:\/\/api.w.org\/{rel}","templated":true}]}}