{"id":33391,"date":"2022-03-30T17:48:57","date_gmt":"2022-03-30T20:48:57","guid":{"rendered":"https:\/\/infovera.com.ar\/web\/?p=33391"},"modified":"2022-03-30T17:48:57","modified_gmt":"2022-03-30T20:48:57","slug":"se-retiro-molinos-agro-de-la-oferta-para-salvar-vicentin","status":"publish","type":"post","link":"https:\/\/infovera.com.ar\/web\/2022\/03\/30\/se-retiro-molinos-agro-de-la-oferta-para-salvar-vicentin\/","title":{"rendered":"Se retir\u00f3 Molinos Agro de la oferta para salvar Vicentin"},"content":{"rendered":"<p>La empresa Vicentin comunic\u00f3 que uno de los inversores estrat\u00e9gicos en el concurso de acreedores, Molinos Agro, se retir\u00f3 del grupo de oferentes que se proponen afrontar las deudas y continuar la actividad. Pero ACA y Vinterra ratificaron ante el juez -seg\u00fan los directivos de la firma del norte santafesino- la oferta de salvataje.<\/p>\n<p>&nbsp;<\/p>\n<p>&nbsp;<\/p>\n<p>&#8220;En el d\u00eda de la fecha hemos recibido una comunicaci\u00f3n de la empresa Molinos Agro S.A en la que manifiesta su decisi\u00f3n de abandonar su participaci\u00f3n en el grupo de &#8216;interesados estrat\u00e9gicos&#8217; en el marco del proceso concursal que atraviesa la empresa Vicentin S. A.<\/p>\n<p>&nbsp;<\/p>\n<p>&nbsp;<\/p>\n<p>&#8220;Esta decisi\u00f3n -a\u00f1ade- ha sido fundamentada por los directivos de dicha compa\u00f1\u00eda, en funci\u00f3n de la complejidad del actual contexto internacional y nacional, dicho contexto plantea una elevada volatilidad en el plano local, particularmente en las cuestiones regulatorias derivadas de la inestabilidad econ\u00f3mica mundial que seg\u00fan entienden afecta especialmente al sector agroexportador&#8221;.<\/p>\n<p>&nbsp;<\/p>\n<p>&nbsp;<\/p>\n<p>M\u00e1s adelante se\u00f1ala que &#8220;asimismo, consideran que la afectaci\u00f3n del comercio de alimentos y materias primas, la disponibilidad y costos de energ\u00eda y las dificultades para el acceso al capital, como consecuencia de la inflaci\u00f3n y las altas tasas de inter\u00e9s, constituyen un factor de sumo riesgo que conlleva a tomar esta determinaci\u00f3n.<\/p>\n<p>&nbsp;<\/p>\n<p>&nbsp;<\/p>\n<p>&#8220;Esta situaci\u00f3n -dicen- no modifica en absoluto el estatus de la propuesta concursal presentada en el expediente, que ha cosechado en las \u00faltimas semanas una contundente aceptaci\u00f3n, encontr\u00e1ndose en v\u00edas de consolidar las mayor\u00edas necesarias, tanto en t\u00e9rminos de las conformidades personales como as\u00ed tambi\u00e9n de los montos de capital requeridos para alcanzar su aprobaci\u00f3n&#8221;.<\/p>\n<p>&nbsp;<\/p>\n<p>&nbsp;<\/p>\n<p>Dos que s\u00ed<\/p>\n<p>&nbsp;<\/p>\n<p>Pocas horas antes de la decisi\u00f3n que debe adoptar el juez Fabi\u00e1n Lorenzini para definir si cierra el per\u00edodo de exclusividad en cuyo marco se presenta la oferta de Vicentin y los inversores estrat\u00e9gicos.<\/p>\n<p>&nbsp;<\/p>\n<p>&nbsp;<\/p>\n<p>&#8220;Ante la eventualidad descripta -dicen desde la concursada- las otras empresas que participan de este proceso, ACA (Asociaci\u00f3n de Cooperativas Argentinas) y Viterra Argentina S.A han confirmado ante las autoridades judiciales su continuidad y su compromiso de garantizar los fazones que permiten asegurar los insumos necesarios para mantener operativas las plantas. Todas las condiciones expresadas en la propuesta de pago, han sido ratificadas en todos sus t\u00e9rminos.<\/p>\n<p>&nbsp;<\/p>\n<p>&nbsp;<\/p>\n<p>&#8220;Confiamos que pr\u00f3ximamente se podr\u00e1 confirmar que han sido alcanzadas las mayor\u00edas y que, de esa manera, el proceso concursal de Vicentin, alcanzar\u00e1 un hito trascendente en pos de garantizar la continuidad operativa de la compa\u00f1\u00eda y de sus trabajadores, al mismo tiempo que esta soluci\u00f3n, alivia de manera considerable el impacto que la crisis financiera de la empresa gener\u00f3 en tantos peque\u00f1os y medianos productores agropecuarios que ver\u00e1n resuelta de manera efectiva el cobro de sus acreencias&#8221;.<\/p>\n<p>&nbsp;<\/p>\n<p>&nbsp;<\/p>\n<p>M\u00cdNIMO EXIGIBLE<\/p>\n<p>Cabe recordar que para tener \u00e9xito en su propuesta, Vicentin debe reunir el consentimiento de al menos el 51% de los acreedores (tomados en condici\u00f3n de iguales, sin importar el monto) y los tenedores de al menos dos tercios de los U$ S 1573 millones de la deuda.<\/p>\n<p>Si Vicentin no logra el acuerdo m\u00ednimo requerido, el juez no decreta la quiebra sino que inicia el denominado &#8220;cram down&#8221;, lo que supone dos d\u00edas para abrir el juego a alternativas de salvataje, ya no s\u00f3lo de la propia Vicentin sino de terceros.<\/p>\n<p>&nbsp;<\/p>\n<p>&nbsp;<\/p>\n","protected":false},"excerpt":{"rendered":"<p>La empresa Vicentin comunic\u00f3 que uno de los inversores estrat\u00e9gicos en el concurso de acreedores, Molinos Agro, se retir\u00f3 del grupo de oferentes que se proponen afrontar las deudas y continuar la actividad. Pero ACA y Vinterra ratificaron ante el juez -seg\u00fan los directivos de la firma del norte santafesino- la oferta de salvataje. &nbsp; [&hellip;]<\/p>\n","protected":false},"author":3,"featured_media":33392,"comment_status":"closed","ping_status":"closed","sticky":false,"template":"","format":"standard","meta":{"_joinchat":[],"footnotes":""},"categories":[55],"tags":[],"class_list":{"0":"post-33391","1":"post","2":"type-post","3":"status-publish","4":"format-standard","5":"has-post-thumbnail","7":"category-reconquista"},"_links":{"self":[{"href":"https:\/\/infovera.com.ar\/web\/wp-json\/wp\/v2\/posts\/33391","targetHints":{"allow":["GET"]}}],"collection":[{"href":"https:\/\/infovera.com.ar\/web\/wp-json\/wp\/v2\/posts"}],"about":[{"href":"https:\/\/infovera.com.ar\/web\/wp-json\/wp\/v2\/types\/post"}],"author":[{"embeddable":true,"href":"https:\/\/infovera.com.ar\/web\/wp-json\/wp\/v2\/users\/3"}],"replies":[{"embeddable":true,"href":"https:\/\/infovera.com.ar\/web\/wp-json\/wp\/v2\/comments?post=33391"}],"version-history":[{"count":0,"href":"https:\/\/infovera.com.ar\/web\/wp-json\/wp\/v2\/posts\/33391\/revisions"}],"wp:featuredmedia":[{"embeddable":true,"href":"https:\/\/infovera.com.ar\/web\/wp-json\/wp\/v2\/media\/33392"}],"wp:attachment":[{"href":"https:\/\/infovera.com.ar\/web\/wp-json\/wp\/v2\/media?parent=33391"}],"wp:term":[{"taxonomy":"category","embeddable":true,"href":"https:\/\/infovera.com.ar\/web\/wp-json\/wp\/v2\/categories?post=33391"},{"taxonomy":"post_tag","embeddable":true,"href":"https:\/\/infovera.com.ar\/web\/wp-json\/wp\/v2\/tags?post=33391"}],"curies":[{"name":"wp","href":"https:\/\/api.w.org\/{rel}","templated":true}]}}