{"id":33353,"date":"2022-03-29T14:17:09","date_gmt":"2022-03-29T17:17:09","guid":{"rendered":"https:\/\/infovera.com.ar\/web\/?p=33353"},"modified":"2022-03-29T14:17:09","modified_gmt":"2022-03-29T17:17:09","slug":"comenzaran-a-funcionar-seis-radares-de-control-de-velocidad-en-reconquista","status":"publish","type":"post","link":"https:\/\/infovera.com.ar\/web\/2022\/03\/29\/comenzaran-a-funcionar-seis-radares-de-control-de-velocidad-en-reconquista\/","title":{"rendered":"Comenzar\u00e1n a funcionar seis radares de control de velocidad en Reconquista"},"content":{"rendered":"<p><strong>La Municipalidad de Reconquista informa que, por Resoluci\u00f3n N\u00b0 0015 de la Agencia Provincial de Seguridad Vial, fue habilitada a efectuar controles de velocidad en puntos estrat\u00e9gicos dentro de la jurisdicci\u00f3n de competencia sobre Ruta Nacional N\u00ba 11, Ruta Nacional A0009 y Ruta Provincial 40-S.<\/strong><\/p>\n<p>Desde el lunes 11 de abril iniciar\u00e1n las tareas de fiscalizaci\u00f3n mediante radares localizados en los principales accesos de nuestra ciudad, juzgamiento y ejecuci\u00f3n de sanciones respecto al no cumplimiento de la velocidad m\u00e1xima establecida de 60 km\/h.<\/p>\n<p>En ese sentido, se detalla que los cinem\u00f3metros autom\u00e1ticos de instalaci\u00f3n fija estar\u00e1n ubicados en:<\/p>\n<p>\u2022 Ruta Nacional N.\u00ba 11, Km 783,3 carril sentido Ascendente (de Sur a Norte).<br \/>\n\u2022 Ruta Nacional N.\u00ba 11, Km 783,3 carril sentido Descendente (de Norte a Sur).<br \/>\n\u2022 Ruta Nacional N.\u00ba 11, Km 785,9 carril sentido Ascendente (de Sur a Norte).<br \/>\n\u2022 Ruta Nacional N.\u00ba 11, Km 785,9 carril sentido Descendente (de Norte a Sur).<br \/>\n\u2022 Ruta Provincial N.\u00ba 40-S, Km 3,1 carril sentido Ascendente (de Este a Oeste).<br \/>\n\u2022 Ruta Provincial N.\u00ba 40-S, Km 3,1 carril sentido Descendente (de Oeste a Este).<br \/>\n\u2022 Ruta Nacional A009, Km 9,2 carril sentido Ascendente (de Norte a Sur).<br \/>\n\u2022 Ruta Nacional A009, Km 9,2 carril sentido Descendente (de Sur a Norte).<\/p>\n","protected":false},"excerpt":{"rendered":"<p>La Municipalidad de Reconquista informa que, por Resoluci\u00f3n N\u00b0 0015 de la Agencia Provincial de Seguridad Vial, fue habilitada a efectuar controles de velocidad en puntos estrat\u00e9gicos dentro de la jurisdicci\u00f3n de competencia sobre Ruta Nacional N\u00ba 11, Ruta Nacional A0009 y Ruta Provincial 40-S. Desde el lunes 11 de abril iniciar\u00e1n las tareas de [&hellip;]<\/p>\n","protected":false},"author":3,"featured_media":33354,"comment_status":"closed","ping_status":"closed","sticky":false,"template":"","format":"standard","meta":{"_joinchat":[],"footnotes":""},"categories":[55],"tags":[],"class_list":{"0":"post-33353","1":"post","2":"type-post","3":"status-publish","4":"format-standard","5":"has-post-thumbnail","7":"category-reconquista"},"_links":{"self":[{"href":"https:\/\/infovera.com.ar\/web\/wp-json\/wp\/v2\/posts\/33353","targetHints":{"allow":["GET"]}}],"collection":[{"href":"https:\/\/infovera.com.ar\/web\/wp-json\/wp\/v2\/posts"}],"about":[{"href":"https:\/\/infovera.com.ar\/web\/wp-json\/wp\/v2\/types\/post"}],"author":[{"embeddable":true,"href":"https:\/\/infovera.com.ar\/web\/wp-json\/wp\/v2\/users\/3"}],"replies":[{"embeddable":true,"href":"https:\/\/infovera.com.ar\/web\/wp-json\/wp\/v2\/comments?post=33353"}],"version-history":[{"count":0,"href":"https:\/\/infovera.com.ar\/web\/wp-json\/wp\/v2\/posts\/33353\/revisions"}],"wp:featuredmedia":[{"embeddable":true,"href":"https:\/\/infovera.com.ar\/web\/wp-json\/wp\/v2\/media\/33354"}],"wp:attachment":[{"href":"https:\/\/infovera.com.ar\/web\/wp-json\/wp\/v2\/media?parent=33353"}],"wp:term":[{"taxonomy":"category","embeddable":true,"href":"https:\/\/infovera.com.ar\/web\/wp-json\/wp\/v2\/categories?post=33353"},{"taxonomy":"post_tag","embeddable":true,"href":"https:\/\/infovera.com.ar\/web\/wp-json\/wp\/v2\/tags?post=33353"}],"curies":[{"name":"wp","href":"https:\/\/api.w.org\/{rel}","templated":true}]}}