{"id":33219,"date":"2022-03-25T17:44:06","date_gmt":"2022-03-25T20:44:06","guid":{"rendered":"https:\/\/infovera.com.ar\/web\/?p=33219"},"modified":"2022-03-25T17:44:06","modified_gmt":"2022-03-25T20:44:06","slug":"inauguraron-el-centro-de-prevencion-de-consumos-problematicos-paisaje","status":"publish","type":"post","link":"https:\/\/infovera.com.ar\/web\/2022\/03\/25\/inauguraron-el-centro-de-prevencion-de-consumos-problematicos-paisaje\/","title":{"rendered":"Inauguraron el centro de prevenci\u00f3n de consumos problem\u00e1ticos &#8220;Paisaje&#8221;"},"content":{"rendered":"<p>El Intendente de Reconquista, Dr. Amadeo Enrique Vallejos, con la titular de la Secretar\u00eda de Pol\u00edticas Integrales sobre Drogas de la Naci\u00f3n Argentina (SEDRONAR), Gabriela Torres; la Directora Nacional de Apoyos y Asignaciones Econ\u00f3micas de A.N.DI.S., Dra. Paula Mart\u00ednez; y la Presidente de APRECORD Santa Fe, Camila Bettanin, encabezaron el acto de inauguraci\u00f3n del Centro de Prevenci\u00f3n de Consumos Problem\u00e1ticos &#8220;Paisaje&#8221;, que brindar\u00e1 una primera escucha y atenci\u00f3n terap\u00e9utica en materia de adicciones.<\/p>\n<p>Junto a Intendente estuvieron la Secretaria de Desarrollo Humano del municipio, Lic. Mar\u00eda Haydee Maggio; la Coordinadora local del \u00c1rea de Prevenci\u00f3n de Consumos Problem\u00e1ticos, Lic. en Psicolog\u00eda, Florencia Lorenzini; como as\u00ed tambi\u00e9n Gustavo Vogel, referente de APRECOD Santa Fe, Zona Norte.<\/p>\n<p>\u201cEsta es una de las tantas pol\u00edticas que estamos llevando adelante de manera coordinada con el gobierno provincial, nacional, como as\u00ed tambi\u00e9n con las instituciones de la ciudad y que en esta ocasi\u00f3n tiene ver con la atenci\u00f3n, la prevenci\u00f3n y el acompa\u00f1amiento a personas con consumos problem\u00e1ticos, en un espacio que va a facilitar el acceso para que las familias y los mismos j\u00f3venes que sufren adicciones puedan acercarse&#8221;, destac\u00f3 el Intendente Vallejos.<\/p>\n<p>A su vez, agradeci\u00f3 a todos los que trabajaron en forma conjunta desde un abordaje integral y articulado &#8220;con el objetivo primordial de atender a los reconquisteses que lo estaban demandando y que hoy podemos darle una respuesta. Este espacio brindar\u00e1 asistencia y escucha para la construcci\u00f3n de un proyecto de vida m\u00e1s saludable para cada persona afectada y sus familiares&#8221;, subray\u00f3.<\/p>\n<p>Por su parte, la psic\u00f3loga Florencia Lorenzini remarc\u00f3 que se trata de &#8220;un espacio pensado, sentido, y que pudimos gestionar para trabajar la prevenci\u00f3n de los consumos problem\u00e1ticos con ni\u00f1os y adolescentes, para construir juntos&#8221;.<\/p>\n<p>En tanto, Gustavo Vogel de APRECOD, rememor\u00f3 la labor que vienen realizando con el Municipio. &#8220;Estamos muy contentos de este paso. Quiero felicitarlos, traer el saludo del se\u00f1or Ministro, del Gobernador Omar Perotti, que en gran medida siempre viene priorizando el desarrollo territorial, la presencialidad, la cercan\u00eda, que consideramos fundamental a la hora de aunar esfuerzos de construir consensos y poder dar respuesta ante una necesidad o demanda que es muy importante y debemos atender todos los d\u00edas&#8221;.<\/p>\n<p>&nbsp;<\/p>\n<p><strong>Construcci\u00f3n colectiva<\/strong><\/p>\n<p>En el marco de las estrategias en pol\u00edticas p\u00fablicas de Salud, la Gesti\u00f3n Municipal, a trav\u00e9s de la Secretar\u00eda de Desarrollo Humano, rubric\u00f3 un convenio en el a\u00f1o 2020 con APRECOD y con SEDRONAR, creando el \u00c1rea de Prevenci\u00f3n de Consumos Problem\u00e1ticos, y a partir de all\u00ed se trabaj\u00f3 en red con las organizaciones sociales dedicadas al abordaje de los consumos problem\u00e1ticos. Asimismo, se realizaron cuatro foros de consenso nacional sobre la desnaturalizaci\u00f3n del consumo excesivo de alcohol.<\/p>\n<p>La creaci\u00f3n de este espacio &#8220;Paisaje&#8221; surge a partir de la construcci\u00f3n de una demanda espec\u00edfica, presentada de manera expl\u00edcita por los ni\u00f1os, adolescentes, j\u00f3venes y familias de la ciudad, que solicitaban espacios de contenci\u00f3n y acompa\u00f1amiento.<\/p>\n<p>&#8220;Fue un traspaso en el tiempo que me cambi\u00f3 mucho mi forma de seguir adelante en mi vida, de luchar el d\u00eda a d\u00eda; de pensar lo que quiero para mi futuro, con 31 a\u00f1os y una hija. Me sirvi\u00f3 mucho este espacio y estoy muy contento con todo, en el trayecto que estamos, y espero que les sirva mucho a otros chicos que est\u00e1n con problemas de adicciones, de consumo. Les va hacer bien este Centro a muchos y que disfruten el lugar. Me siento muy contento con todo lo que me est\u00e1 pasando y agradecido por todo&#8221;, cont\u00f3 Javier Torres, al brindar su testimonio durante la inauguraci\u00f3n.<\/p>\n<p>El Centro, es un espacio terap\u00e9utico que propone el abordaje a trav\u00e9s de propuestas l\u00fadicas, creativas, en grupos, en un contexto de cuidado. Una alternativa de creaci\u00f3n colectiva, que encara una compleja transformaci\u00f3n de las pol\u00edticas sociales y culturales, haciendo del territorio un enorme espacio p\u00fablico; en otras palabras, busca hablar de derechos y trabajar para garantizarlos.<\/p>\n<p>Al finalizar, se realiz\u00f3 el corte de cinta, con la bendici\u00f3n de las instalaciones del cura p\u00e1rroco de la Parroquia San Roque, Germ\u00e1n Vallejos.<\/p>\n<p>Ubicado en Iriondo 643, el Centro tiene abiertas sus puertas de 7 a 13 horas; siendo el n\u00famero de contacto el 3482 &#8211; 444698.<\/p>\n<p>Participaron tambi\u00e9n del acto, el Juez Federal, Dr. Aldo Alurralde; el Senador Nacional, CPN Dionisio Scarp\u00edn; el Senador Provincial, Orfilio Marc\u00f3n; la Diputada Nacional, Carolina Castets; la Jueza de Menores, Griselda Delb\u00f3n; la Jueza del Distrito de Familia Cuarta Circunscripci\u00f3n Judicial, Dra. Iliana Sinchez; el Supervisor de la UR IX, comisario Sergio Vega; el Delegado de la Regi\u00f3n de Educaci\u00f3n, Roberto Lorenzini; la titular de la Regi\u00f3n de Salud, Dra. Leira Manzur; el Director del HRR, Dr. Juan Carlos Zanuttini; la Directora del \u00c1rea de Salud Mental del Hospital, Victoria Nardi; los presentantes de las legisladoras Marlen Esp\u00edndola y Mar\u00eda Laura Corgniali; la Subsecretaria de Salud municipal, Mg. Ainelen Radosevich; concejales e intengrantes del Ejecutivo Municipal.<\/p>\n<p>Asimismo, se hicieron presentes integrantes del Ministerio P\u00fablico de la Acusaci\u00f3n de la Cuarta Circunscripci\u00f3n Judicial; Club de Leones; Rotari Club; San Oscar Romero; Copai; Grupo Santa M\u00f3nica; Ambulatorio Esp\u00edritu Santo; Pastoral de adicciones; y Buen Samaritano, entre otros.<\/p>\n","protected":false},"excerpt":{"rendered":"<p>El Intendente de Reconquista, Dr. Amadeo Enrique Vallejos, con la titular de la Secretar\u00eda de Pol\u00edticas Integrales sobre Drogas de la Naci\u00f3n Argentina (SEDRONAR), Gabriela Torres; la Directora Nacional de Apoyos y Asignaciones Econ\u00f3micas de A.N.DI.S., Dra. Paula Mart\u00ednez; y la Presidente de APRECORD Santa Fe, Camila Bettanin, encabezaron el acto de inauguraci\u00f3n del Centro [&hellip;]<\/p>\n","protected":false},"author":3,"featured_media":33220,"comment_status":"closed","ping_status":"closed","sticky":false,"template":"","format":"standard","meta":{"_joinchat":[],"footnotes":""},"categories":[55],"tags":[],"class_list":{"0":"post-33219","1":"post","2":"type-post","3":"status-publish","4":"format-standard","5":"has-post-thumbnail","7":"category-reconquista"},"_links":{"self":[{"href":"https:\/\/infovera.com.ar\/web\/wp-json\/wp\/v2\/posts\/33219","targetHints":{"allow":["GET"]}}],"collection":[{"href":"https:\/\/infovera.com.ar\/web\/wp-json\/wp\/v2\/posts"}],"about":[{"href":"https:\/\/infovera.com.ar\/web\/wp-json\/wp\/v2\/types\/post"}],"author":[{"embeddable":true,"href":"https:\/\/infovera.com.ar\/web\/wp-json\/wp\/v2\/users\/3"}],"replies":[{"embeddable":true,"href":"https:\/\/infovera.com.ar\/web\/wp-json\/wp\/v2\/comments?post=33219"}],"version-history":[{"count":0,"href":"https:\/\/infovera.com.ar\/web\/wp-json\/wp\/v2\/posts\/33219\/revisions"}],"wp:featuredmedia":[{"embeddable":true,"href":"https:\/\/infovera.com.ar\/web\/wp-json\/wp\/v2\/media\/33220"}],"wp:attachment":[{"href":"https:\/\/infovera.com.ar\/web\/wp-json\/wp\/v2\/media?parent=33219"}],"wp:term":[{"taxonomy":"category","embeddable":true,"href":"https:\/\/infovera.com.ar\/web\/wp-json\/wp\/v2\/categories?post=33219"},{"taxonomy":"post_tag","embeddable":true,"href":"https:\/\/infovera.com.ar\/web\/wp-json\/wp\/v2\/tags?post=33219"}],"curies":[{"name":"wp","href":"https:\/\/api.w.org\/{rel}","templated":true}]}}