{"id":33213,"date":"2022-03-25T17:26:59","date_gmt":"2022-03-25T20:26:59","guid":{"rendered":"https:\/\/infovera.com.ar\/web\/?p=33213"},"modified":"2022-03-25T17:26:59","modified_gmt":"2022-03-25T20:26:59","slug":"pediran-penas-de-cinco-anos-de-prision-para-tres-acusados-de-construir-terraplenes-y-canales-de-riego-y-desagues-ilegales-en-campos-en-colonia-teresa","status":"publish","type":"post","link":"https:\/\/infovera.com.ar\/web\/2022\/03\/25\/pediran-penas-de-cinco-anos-de-prision-para-tres-acusados-de-construir-terraplenes-y-canales-de-riego-y-desagues-ilegales-en-campos-en-colonia-teresa\/","title":{"rendered":"Pedir\u00e1n penas de cinco a\u00f1os de prisi\u00f3n para tres acusados  de construir terraplenes y canales de riego y desag\u00fces ilegales en campos en Colonia Teresa"},"content":{"rendered":"<p>As\u00ed lo adelantaron las fiscales Mariela Jim\u00e9nez, Mar\u00eda Laura Urquiza y B\u00e1rbara Ilera en una audiencia preliminar llevada a cabo en los tribunales de la ciudad de Santa Fe. Las personas investigadas son el presidente, la vicepresidenta titular y el vicepresidente suplente de una explotaci\u00f3n arrocera. Los hechos il\u00edcitos provocaron el derrumbe de un tramo de la ruta provincial n\u00famero 1, inundaciones en campos de la zona y da\u00f1os materiales en una vivienda.<\/p>\n<p>&nbsp;<\/p>\n<p>&nbsp;<\/p>\n<p>&nbsp;<\/p>\n<p>Las fiscales Mariela Jim\u00e9nez, Mar\u00eda Laura Urquiza y B\u00e1rbara Ilera solicitar\u00e1n penas de cinco a\u00f1os de prisi\u00f3n y multas por un total de 270.000 pesos para tres personas investigadas por haber construido terraplenes ilegales que provocaron estragos en la localidad de Colonia Teresa (departamento San Javier).<\/p>\n<p>&nbsp;<\/p>\n<p>El requerimiento de las funcionarias del MPA fue presentado ante el juez H\u00e9ctor Gabriel Candioti, en una audiencia preliminar que se desarroll\u00f3 en los tribunales de la ciudad de Santa Fe.<\/p>\n<p>&nbsp;<\/p>\n<p>Las fiscales precisaron que \u201clos acusados son un hombre de 69 a\u00f1os de iniciales RAC, que es el presidente de una industria de explotaci\u00f3n arrocera; una mujer de 61 de iniciales MAN, que es la vicepresidenta titular de la firma; y un hombre de 64 de iniciales RFC, que es el vicepresidente suplente\u201d.<\/p>\n<p>&nbsp;<\/p>\n<p>&nbsp;<\/p>\n<p>Desviaci\u00f3n de caudales<\/p>\n<p>&nbsp;<\/p>\n<p>Jim\u00e9nez, Urquiza e Ilera expusieron que \u201calrededor del predio rural en el que est\u00e1 instalada su empresa, los acusados levantaron terraplenes de m\u00e1s de seis kil\u00f3metros de extensi\u00f3n que, en algunos tramos, superan los dos metros y medio de alto\u201d. Al respecto, mencionaron que \u201clos trabajos se iniciaron en 2007 sin la autorizaci\u00f3n correspondiente de los organismos p\u00fablicos competentes\u201d.<\/p>\n<p>&nbsp;<\/p>\n<p>\u201cAdem\u00e1s, los investigados construyeron de forma ilegal canales de riego y desag\u00fce y un canal de derivaci\u00f3n de aproximadamente tres kil\u00f3metros de largo que desemboca en la cuneta oeste de la ruta provincial n\u00famero 1\u201d, se\u00f1alaron las representantes del MPA.<\/p>\n<p>&nbsp;<\/p>\n<p>\u201cLas obras que resultaron de la conducta delictiva obstruyeron el escurrimiento natural de las aguas del cauce del arroyo Saladillo Dulce y ocasionaron una desviaci\u00f3n de caudales hacia el r\u00edo San Javier\u201d, explicaron.<\/p>\n<p>&nbsp;<\/p>\n<p>Seg\u00fan afirmaron, \u201cen enero de 2019, la situaci\u00f3n irregular llev\u00f3 a que se generara un dique aguas al norte de los terraplenes y que una alcantarilla localizada en el kil\u00f3metro 190 de la ruta provincial n\u00famero 1 superara ampliamente su capacidad\u201d. En tal sentido, remarcaron que \u201cen consecuencia, se derrumb\u00f3 un tramo de la v\u00eda de comunicaci\u00f3n terrestre\u201d.<\/p>\n<p>&nbsp;<\/p>\n<p>Jim\u00e9nez, Urquiza e Ilera aseguraron que \u201clas obras ilegales produjeron la inundaci\u00f3n de campos ubicados al norte del predio de la industria que dirigen los acusados\u201d, y agregaron que \u201ctambi\u00e9n causaron da\u00f1os materiales en una vivienda\u201d. A su vez, \u201clas circunstancias at\u00edpicas hicieron peligrar el casco urbano de Colonia Teresa\u201d, sostuvieron.<\/p>\n<p>&nbsp;<\/p>\n<p>&nbsp;<\/p>\n<p>Delitos<\/p>\n<p>&nbsp;<\/p>\n<p>Las fiscales se refirieron a que \u201clas tres personas son investigadas por la coautor\u00eda de los delitos de estrago doloso; da\u00f1o calificado y da\u00f1o simple\u201d.<\/p>\n<p>&nbsp;<\/p>\n<p>&nbsp;<\/p>\n<p>Querellantes<\/p>\n<p>&nbsp;<\/p>\n<p>Jim\u00e9nez, Urquiza e Ilera informaron que \u201cla provincia de Santa Fe, representada por la Fiscal\u00eda de Estado, se constituy\u00f3 como querellante\u201d. Tambi\u00e9n precisaron que \u201clo mismo hicieron tres de las v\u00edctimas a trav\u00e9s de abogados particulares\u201d.<\/p>\n<p>&nbsp;<\/p>\n<p>&nbsp;<\/p>\n<p>Juicio<\/p>\n<p>&nbsp;<\/p>\n<p>En la audiencia preliminar, las partes discutieron acerca de la acusaci\u00f3n presentada por el MPA. Ahora el juez deber\u00e1 considerar si tiene proyecci\u00f3n de condena y si est\u00e1n dados los requisitos para que se desarrolle un debate oral y p\u00fablico. En el caso de que el magistrado entienda que s\u00ed, deber\u00e1 disponer lo que se denomina auto de apertura a juicio para que la Oficina de Gesti\u00f3n Judicial (OGJ) programe la fecha de inicio.<\/p>\n","protected":false},"excerpt":{"rendered":"<p>As\u00ed lo adelantaron las fiscales Mariela Jim\u00e9nez, Mar\u00eda Laura Urquiza y B\u00e1rbara Ilera en una audiencia preliminar llevada a cabo en los tribunales de la ciudad de Santa Fe. Las personas investigadas son el presidente, la vicepresidenta titular y el vicepresidente suplente de una explotaci\u00f3n arrocera. Los hechos il\u00edcitos provocaron el derrumbe de un tramo [&hellip;]<\/p>\n","protected":false},"author":3,"featured_media":33214,"comment_status":"closed","ping_status":"closed","sticky":false,"template":"","format":"standard","meta":{"_joinchat":[],"footnotes":""},"categories":[51,30],"tags":[],"class_list":{"0":"post-33213","1":"post","2":"type-post","3":"status-publish","4":"format-standard","5":"has-post-thumbnail","7":"category-locales","8":"category-policiales"},"_links":{"self":[{"href":"https:\/\/infovera.com.ar\/web\/wp-json\/wp\/v2\/posts\/33213","targetHints":{"allow":["GET"]}}],"collection":[{"href":"https:\/\/infovera.com.ar\/web\/wp-json\/wp\/v2\/posts"}],"about":[{"href":"https:\/\/infovera.com.ar\/web\/wp-json\/wp\/v2\/types\/post"}],"author":[{"embeddable":true,"href":"https:\/\/infovera.com.ar\/web\/wp-json\/wp\/v2\/users\/3"}],"replies":[{"embeddable":true,"href":"https:\/\/infovera.com.ar\/web\/wp-json\/wp\/v2\/comments?post=33213"}],"version-history":[{"count":0,"href":"https:\/\/infovera.com.ar\/web\/wp-json\/wp\/v2\/posts\/33213\/revisions"}],"wp:featuredmedia":[{"embeddable":true,"href":"https:\/\/infovera.com.ar\/web\/wp-json\/wp\/v2\/media\/33214"}],"wp:attachment":[{"href":"https:\/\/infovera.com.ar\/web\/wp-json\/wp\/v2\/media?parent=33213"}],"wp:term":[{"taxonomy":"category","embeddable":true,"href":"https:\/\/infovera.com.ar\/web\/wp-json\/wp\/v2\/categories?post=33213"},{"taxonomy":"post_tag","embeddable":true,"href":"https:\/\/infovera.com.ar\/web\/wp-json\/wp\/v2\/tags?post=33213"}],"curies":[{"name":"wp","href":"https:\/\/api.w.org\/{rel}","templated":true}]}}