{"id":33186,"date":"2022-03-24T18:36:53","date_gmt":"2022-03-24T21:36:53","guid":{"rendered":"https:\/\/infovera.com.ar\/web\/?p=33186"},"modified":"2022-03-24T18:36:53","modified_gmt":"2022-03-24T21:36:53","slug":"reunion-del-fiscal-regional-dr-ruben-martinez-con-la-plana-mayor-de-la-unidad-regional-ix","status":"publish","type":"post","link":"https:\/\/infovera.com.ar\/web\/2022\/03\/24\/reunion-del-fiscal-regional-dr-ruben-martinez-con-la-plana-mayor-de-la-unidad-regional-ix\/","title":{"rendered":"Reuni\u00f3n del Fiscal Regional Dr. Rub\u00e9n Mart\u00ednez con la Plana Mayor de la Unidad Regional IX"},"content":{"rendered":"<p><strong><em>El d\u00eda 22 de marzo de 2022 a las 11,30 hs se reunieron con el Fiscal Regional Dr. Rub\u00e9n Daniel Martinez parte de la plana mayor de la Unidad Regional IX de Polic\u00eda integrada por Julio Lucero, Dante Trosch, Leonardo Gonz\u00e1lez y Gabriel Capoulat. Dicho encuentro fue previamente pactado y se realiz\u00f3 en el Edifico de Tribunales<\/em><\/strong><\/p>\n<p>&nbsp;<\/p>\n<p>Siguiendo una pol\u00edtica de coordinaci\u00f3n con las distintas fuerzas de seguridad , el Fiscal Regional convoc\u00f3 a las m\u00e1ximas autoridades de la U.R.IX a un encuentro que tuvo como ejes analizar\u00a0 principalmente la situaci\u00f3n de la ciudad de Reconquista y Avellaneda.<\/p>\n<p>&nbsp;<\/p>\n<p>Cada organismo se comprometi\u00f3 a redoblar el trabajo conjunto respetando las funciones espec\u00edficas que cada uno tiene, y continuar\u00a0 con las pol\u00edticas de tratamiento integral de la problem\u00e1tica de\u00a0 seguridad, para ello es indispensable el sistema de dispositivos multiagenciales, en especial para tratar situaciones de algunos barrios.-<\/p>\n<p>&nbsp;<\/p>\n<p>En cuanto a la capacitaci\u00f3n necesaria\u00a0 del personal policial ,el Fiscal Regional consider\u00f3 importante la Escuela de Polic\u00eda en esta regi\u00f3n, y asimismo se comprometi\u00f3 a realizar una capacitaci\u00f3n peri\u00f3dica al personal policial.<\/p>\n<p>&nbsp;<\/p>\n<p>El Fiscal Regional consider\u00f3 que \u201cresultan necesarias estas reuniones , donde no estuvo ausente el tema de la inseguridad, precisamente en esta\u00a0 cuesti\u00f3n solicit\u00e9 informaci\u00f3n de\u00a0\u00a0 c\u00f3mo se estaba abordando la situaci\u00f3n,\u00a0 en especial en determinadas zonas de la ciudad. Es indudable que hay que desarrollar pol\u00edticas con equipos\u00a0 multiagenciales\u00a0 ya que es imperioso\u00a0 bajar la conflictividad social\u00a0 y para ello hay que abordar con pol\u00edticas que exceden al organismo de seguridad\u201d.-<\/p>\n<p>&nbsp;<\/p>\n<p>Por \u00faltimo el Dr. Martinez\u00a0 consider\u00f3 que la problem\u00e1tica actual es preocupante y\u00a0 es compartida por muchos sectores y a partir de all\u00ed es importante un \u00e1mbito donde nos escuchemos. Seguramente continuar\u00e1n los encuentros ,con m\u00e1s instituciones, especialmente los municipios, seguridad, educaci\u00f3n\u00a0 etc, en definitiva lograr un espacio constructivo que vaya m\u00e1s all\u00e1 de las miradas que tienen cada uno de los poderes, porque el inter\u00e9s com\u00fan de todos es que tenemos una responsabilidad en la resoluci\u00f3n de los problemas . As\u00ed lo quiere la ciudadan\u00eda , nos pide articulaci\u00f3n de medidas, es hora que en esta cuesti\u00f3n como en otras haya una pol\u00edtica de estado\u201d<\/p>\n","protected":false},"excerpt":{"rendered":"<p>El d\u00eda 22 de marzo de 2022 a las 11,30 hs se reunieron con el Fiscal Regional Dr. Rub\u00e9n Daniel Martinez parte de la plana mayor de la Unidad Regional IX de Polic\u00eda integrada por Julio Lucero, Dante Trosch, Leonardo Gonz\u00e1lez y Gabriel Capoulat. Dicho encuentro fue previamente pactado y se realiz\u00f3 en el Edifico [&hellip;]<\/p>\n","protected":false},"author":3,"featured_media":33187,"comment_status":"closed","ping_status":"closed","sticky":false,"template":"","format":"standard","meta":{"_joinchat":[],"footnotes":""},"categories":[55],"tags":[],"class_list":{"0":"post-33186","1":"post","2":"type-post","3":"status-publish","4":"format-standard","5":"has-post-thumbnail","7":"category-reconquista"},"_links":{"self":[{"href":"https:\/\/infovera.com.ar\/web\/wp-json\/wp\/v2\/posts\/33186","targetHints":{"allow":["GET"]}}],"collection":[{"href":"https:\/\/infovera.com.ar\/web\/wp-json\/wp\/v2\/posts"}],"about":[{"href":"https:\/\/infovera.com.ar\/web\/wp-json\/wp\/v2\/types\/post"}],"author":[{"embeddable":true,"href":"https:\/\/infovera.com.ar\/web\/wp-json\/wp\/v2\/users\/3"}],"replies":[{"embeddable":true,"href":"https:\/\/infovera.com.ar\/web\/wp-json\/wp\/v2\/comments?post=33186"}],"version-history":[{"count":0,"href":"https:\/\/infovera.com.ar\/web\/wp-json\/wp\/v2\/posts\/33186\/revisions"}],"wp:featuredmedia":[{"embeddable":true,"href":"https:\/\/infovera.com.ar\/web\/wp-json\/wp\/v2\/media\/33187"}],"wp:attachment":[{"href":"https:\/\/infovera.com.ar\/web\/wp-json\/wp\/v2\/media?parent=33186"}],"wp:term":[{"taxonomy":"category","embeddable":true,"href":"https:\/\/infovera.com.ar\/web\/wp-json\/wp\/v2\/categories?post=33186"},{"taxonomy":"post_tag","embeddable":true,"href":"https:\/\/infovera.com.ar\/web\/wp-json\/wp\/v2\/tags?post=33186"}],"curies":[{"name":"wp","href":"https:\/\/api.w.org\/{rel}","templated":true}]}}