{"id":33184,"date":"2022-03-24T12:44:30","date_gmt":"2022-03-24T15:44:30","guid":{"rendered":"https:\/\/infovera.com.ar\/web\/?p=33184"},"modified":"2022-03-24T12:44:30","modified_gmt":"2022-03-24T15:44:30","slug":"semana-de-intensas-definiciones","status":"publish","type":"post","link":"https:\/\/infovera.com.ar\/web\/2022\/03\/24\/semana-de-intensas-definiciones\/","title":{"rendered":"Semana de intensas definiciones"},"content":{"rendered":"<p>Por: Dar\u00edo H. Schueri<\/p>\n<p>A nivel nacional y provincial \u2013 y porque no internacional \u2013 esta semana ser\u00e1 de fuertes definiciones. Perotti ya tiene su presupuesto 2022 y paritarias hasta la primavera. Se viene un festival de licitaciones. La pol\u00edtica contin\u00faa con el \u201carmado del barco\u201d (Fascendini dixit) para zarpar rumbo al 2023.<\/p>\n<p>Habemus presupuesto 2022<\/p>\n<p>\u201cAunque la oposici\u00f3n tenga el 75% de las bancas, hemos votado el presupuesto con temperamento constructivo\u201d, argument\u00f3 el senador Felipe Michlig, presidente del inter bloque radical, despu\u00e9s que el peronista \u00bfex?- disidente Rub\u00e9n Pirola ponderara la Ley de Leyes, no sin reconocerle a Miguel Lifschitz \u201cla decisi\u00f3n de tomar un endeudamiento (de 500 millones de d\u00f3lares) para infraestructura\u201d, respondi\u00e9ndole el\u00edpticamente al Gobernador Perotti, que se hab\u00eda quejado porque le toca pagar la primera cuota de 125 millones de d\u00f3lares.<\/p>\n<p>Ya el diputado socialista Joaqu\u00ecn Blanco lo hab\u00eda \u201catendido\u201d a Perotti diciendo que ese cr\u00e9dito se hab\u00eda tomado con el aval de una Ley votada por unanimidad en las dos C\u00e1maras \u201cpara obras, no para hacer caja\u201d, azuz\u00f3.<\/p>\n<p>Perotti en verdad se quej\u00f3 porque no le dejaron plata para hacerle frente a los vencimientos, lo cual le sirvi\u00f3 tanto a \u00e9l como su pretoriano de las finanzas Walter Agosto, justificar el plazo fijo de 23 mil millones de pesos al que tuvo que echar mano \u2013 transitoriamente \u2013 para comprar los d\u00f3lares que le permitan cancelar la primera cuota del empr\u00e9stito.<\/p>\n<p>El dato auspicioso es que Walter Agosto \u2013 al decir del senador Michlig, quien con pares radicales y peronistas lo visitaron el jueves por la ma\u00f1ana\u00a0 \u2013 se comprometi\u00f3 a transferir esta semana los 345 millones de pesos que el gobierno le adeuda en concepto de Obras Menores a 62 municipios y comunas de la oposici\u00f3n.<\/p>\n<p>De armados y otras yerbas<\/p>\n<p>Por lo pronto, los radicales definieron que \u2013 salvo en algunos departamentos para las listas locales \u2013 habr\u00e1 lista de unidad para presidir el Comit\u00e9 Provincia y la Convenci\u00f3n. Felipe Michlig, del sector Evoluci\u00f3n (d\u00edcese de ahora en mas \u201cel pullarismo\u201d) ser\u00e1 el nuevo titular del Comit\u00e9 provincial, acompa\u00f1ado en la vicepresidencia por Jos\u00e9 Corral, mientras que el M.A.R y el barlettismo presidir\u00e1n la Convenci\u00f3n (a\u00fan sin candidato definido).<\/p>\n<p>Los socialistas no se resignan a ser actores de reparto en los pr\u00f3ximos armados, y para ellos se reagrupan despu\u00e9s del golpazo an\u00edmico y electoral que les provoc\u00f3 la muerte de Miguel Lifschitz, con la reaparici\u00f3n en la escena p\u00fablica del ex \u2013 Gobernador Antonio Bonfatti que, al igual que Miguel Del Sel en el PRO afirma que estar\u00e1 presente para \u201cacompa\u00f1ar\u201d en los armados.<\/p>\n<p>Dicho sea de paso, Del Sel tiene previsto caminar el norte de la Provincia; \u00bfpara ayudar en las construcciones territoriales, \u00f3 chequear \u201cin situ\u201d su a\u00fan su carisma sigue intacto como para hacer realidad el viejo adagio \u201cla tercera es la vencida\u201d?.<\/p>\n<p>En el peronismo gobernante, ya es un hecho que Perotti comenzar\u00e1 a moldear al sucesor dentro de su sector Hacemos Santa Fe (que relanzar\u00e1 el mes que viene) una vez quitada la preocupaci\u00f3n del presupuesto y las paritarias.<\/p>\n<p>Por temor a ser expulsados del reino, nadie del entorno se anima siquiera a pensar en voz alta \u201cadelante de la gente\u201d sobre la cuesti\u00f3n. Algunos creen que Perotti mandar\u00e1 a la cancha a un cuarteto de aspirantes para testearlos, pero en el fondo todos presuponen que el Elegido ser\u00e1 Roberto Mirabella.<\/p>\n<p>La inc\u00f3gnita ser\u00e1 el futuro del actual Gobernador: \u00bfprimer diputado de su candidato?. \u00bfAspirante al Sill\u00f3n de Rivadavia?. Bien podr\u00eda ser las dos cosas, los tiempos electorales lo permitir\u00edan. Y le queda a\u00fan la senadur\u00eda nacional en reemplazo de Marcelo Lewandowski, si este decidiera ser candidato a intendente de Rosario y ganara.<\/p>\n<p>Fiscales bajo la lupa. Una constante.<\/p>\n<p>El resonante caso del polic\u00eda de Ca\u00f1ada de G\u00f3mez, arrestado por 40 d\u00edas por el fiscal Santiago Tosco, luego de que el agente del orden cumpliera con la Ley al ingresar sin orden de allanamiento a un estudio jur\u00eddico en persecuci\u00f3n de un delincuente, \u2013 y liberado por presi\u00f3n popular y adem\u00e1s fundados argumentos \u00a0jur\u00eddicos y de cumplimiento de la ley, hechos por el ex ministro\u00a0 Pullaro y otros como el diputado nacional Gabriel Chumpitaz\u2013 pone una vez mas bajo la lupa el accionar discrecional, prepotente y autoritario de algunos fiscales.<\/p>\n<p>Tosco ya tiene una denuncia disciplinaria ante la Comisi\u00f3n Bicameral de Acuerdos, ahora presidida por el senador peronista Ra\u00fal Gramajo, por haber acordado en juicio abreviado una pena por debajo de los par\u00e1metros que surgen de su encuadramiento en el C\u00f3digo Penal.<\/p>\n<p>Concretamente, por dos hechos de robo calificado, privaci\u00f3n ileg\u00edtima de la libertad, violaci\u00f3n de medida sanitaria, desobediencia a la orden de autoridad competente y tenencia ilegal de arma de fuero de uso civil de un sujeto que, como detalle de inter\u00e9s, el defensor era el Dr. \u00c1ngelo Rossini, uno de los profesionales del estudio allanado en urgencia por el agente policial Luis Pais.<\/p>\n<p>Pullaro hizo una presentaci\u00f3n ante la auditora del MPA Mar\u00eda Cecilia Vranicich para que sea revisado el accionar del fiscal Santiago Tosco.<\/p>\n<p>El campo, una vez m\u00e1s (para variar)<\/p>\n<p>Ser\u00eda motivo de exploraci\u00f3n casi esot\u00e9rica, conocer por qu\u00e9 el kirchnerismo cada vez que \u2013 vanamente \u2013 quiere proteger a \u201cla mesa de los argentinos\u201d se la agarra con el campo, a\u00fan a sabiendas que\u00a0 &#8211; como la lucha contra la inflaci\u00f3n \u2013 es una batalla perdida antes de empezar.<\/p>\n<p>Y encima mienten. Una persona vinculada con la iglesia cat\u00f3lica como el Ministro de Agricultura Juli\u00e1n Dom\u00ednguez, negando en la inauguraci\u00f3n de Expoagro que aumentaran las retenciones a la harina y aceite de soja para crear un fideicomiso de trigo (\u00a1justo un fideicomiso!) para abaratar el precio del pan.<\/p>\n<p>El Gobernador santafesino Omar Perotti, trabaj\u00f3 con su ministro de la Producci\u00f3n Daniel Costamagna hasta la medianoche del d\u00eda anterior en que visitara al Presidente Fern\u00e1ndez, para llevarle un esquema de incentivos para morigerar los incrementos del pan al consumidor sin tener que interferir en la cadena de trigo, buscando estimular una mayor superficie de siembra dentro del contexto de que Ucrania y Rusia representan el 30% del mercado internacional de trigo, por lo que Argentina tiene una enorme oportunidad, para no tener que echar mano a lo definitivamente hicieron.<\/p>\n<p>\u201cEl est\u00edmulo concreto tiene que ver con financiamiento, con previsibilidad, un marco mucho m\u00e1s claro para que se incremente el \u00e1rea sembrada de trigo\u201d, se\u00f1al\u00f3 Costamagna a nuestro Diario, para agregar que \u201cla \u00faltima campa\u00f1a de trigo lleg\u00f3 a 20 millones de toneladas, de las cuales 6,5 millones se consumen en el mercado interno, o sea que quedan 14 millones de toneladas disponibles para la exportaci\u00f3n\u201d.<\/p>\n<p>\u00bfSa\u00edn a imputativa esta semana?<\/p>\n<p>De acuerdos con fuentes judiciales, esta semana los fiscales Mariela Jim\u00e9nez y Ezequiel Hern\u00e1ndez abrir\u00edan la causa Sain a los abogados de los incriminados, pero adem\u00e1s citar\u00edan a indagatoria al ex Ministro de Seguridad Marcelo Sa\u00edn, quien fuera su segundo Germ\u00e1n Montenegro y la tambi\u00e9n ex funcionaria Nadia Schujman.<\/p>\n<p>El \u201ccaso Sa\u00edn\u201d no se circunscribe solamente al acusado, sino que podr\u00eda tener derivaciones pol\u00edticas institucionales insospechadas.<\/p>\n","protected":false},"excerpt":{"rendered":"<p>Por: Dar\u00edo H. Schueri A nivel nacional y provincial \u2013 y porque no internacional \u2013 esta semana ser\u00e1 de fuertes definiciones. Perotti ya tiene su presupuesto 2022 y paritarias hasta la primavera. Se viene un festival de licitaciones. La pol\u00edtica contin\u00faa con el \u201carmado del barco\u201d (Fascendini dixit) para zarpar rumbo al 2023. Habemus presupuesto [&hellip;]<\/p>\n","protected":false},"author":3,"featured_media":24120,"comment_status":"closed","ping_status":"closed","sticky":false,"template":"","format":"standard","meta":{"_joinchat":[],"footnotes":""},"categories":[58],"tags":[],"class_list":{"0":"post-33184","1":"post","2":"type-post","3":"status-publish","4":"format-standard","5":"has-post-thumbnail","7":"category-opinion"},"_links":{"self":[{"href":"https:\/\/infovera.com.ar\/web\/wp-json\/wp\/v2\/posts\/33184","targetHints":{"allow":["GET"]}}],"collection":[{"href":"https:\/\/infovera.com.ar\/web\/wp-json\/wp\/v2\/posts"}],"about":[{"href":"https:\/\/infovera.com.ar\/web\/wp-json\/wp\/v2\/types\/post"}],"author":[{"embeddable":true,"href":"https:\/\/infovera.com.ar\/web\/wp-json\/wp\/v2\/users\/3"}],"replies":[{"embeddable":true,"href":"https:\/\/infovera.com.ar\/web\/wp-json\/wp\/v2\/comments?post=33184"}],"version-history":[{"count":0,"href":"https:\/\/infovera.com.ar\/web\/wp-json\/wp\/v2\/posts\/33184\/revisions"}],"wp:featuredmedia":[{"embeddable":true,"href":"https:\/\/infovera.com.ar\/web\/wp-json\/wp\/v2\/media\/24120"}],"wp:attachment":[{"href":"https:\/\/infovera.com.ar\/web\/wp-json\/wp\/v2\/media?parent=33184"}],"wp:term":[{"taxonomy":"category","embeddable":true,"href":"https:\/\/infovera.com.ar\/web\/wp-json\/wp\/v2\/categories?post=33184"},{"taxonomy":"post_tag","embeddable":true,"href":"https:\/\/infovera.com.ar\/web\/wp-json\/wp\/v2\/tags?post=33184"}],"curies":[{"name":"wp","href":"https:\/\/api.w.org\/{rel}","templated":true}]}}