{"id":33176,"date":"2022-03-24T12:28:00","date_gmt":"2022-03-24T15:28:00","guid":{"rendered":"https:\/\/infovera.com.ar\/web\/?p=33176"},"modified":"2022-03-24T12:28:00","modified_gmt":"2022-03-24T15:28:00","slug":"hasta-cuando","status":"publish","type":"post","link":"https:\/\/infovera.com.ar\/web\/2022\/03\/24\/hasta-cuando\/","title":{"rendered":"\u00bfHasta cu\u00e1ndo?"},"content":{"rendered":"<p>Por Rogelio Alaniz<\/p>\n<p>Importa que los dirigentes de Juntos por el Cambio se preocupen de los desaf\u00edos de su hipot\u00e9tica gesti\u00f3n a partir de 2023 y, sobre todo, que en principio no se repita para esa jornada los desgraciados episodios de 2015 con una titular del Poder Ejecutivo que se niega a entregar los atributos del mando y una oposici\u00f3n peronista absolutamente convencida que la llegada de Macri al poder signific\u00f3 el retorno de los militares de 1955 o 1976.<\/p>\n<p>Importan estas preocupaciones, pero por el momento ning\u00fan pol\u00edtico puede desentenderse de los desaf\u00edos del tiempo presente, y en particular la traves\u00eda que a los argentinos nos aguarda en los pr\u00f3ximos meses con un gobierno que no disimula su crisis y su impotencia.<\/p>\n<p>Dirigentes de Juntos por el Cambio no ignoran estas dificultades, pero no obstante se han preocupado por advertir que no est\u00e1n dispuestos a cogobernar o a tomar partido por algunas de las facciones peronistas hoy enfrentadas entre s\u00ed.<\/p>\n<p>Por su parte, el peronismo en el gobierno ha logrado hasta el momento mantener controladas las variables econ\u00f3micas y financieras. Nada anda bien, pero nada permite por el momento augurar una cat\u00e1strofe estilo hiperinflaci\u00f3n con sus correspondientes estallidos sociales. Con dificultades, sin disimular refriegas internas, el peronismo se las arregla para contener a sus bases.<\/p>\n<p>\u00bfHasta cu\u00e1ndo lo har\u00e1? Imposible saberlo, aunque todos perciben que esta suerte de cheque en blanco que los pobres le han extendido al peronismo ya ingres\u00f3 en su cuenta regresiva.,<\/p>\n","protected":false},"excerpt":{"rendered":"<p>Por Rogelio Alaniz Importa que los dirigentes de Juntos por el Cambio se preocupen de los desaf\u00edos de su hipot\u00e9tica gesti\u00f3n a partir de 2023 y, sobre todo, que en principio no se repita para esa jornada los desgraciados episodios de 2015 con una titular del Poder Ejecutivo que se niega a entregar los atributos [&hellip;]<\/p>\n","protected":false},"author":3,"featured_media":33177,"comment_status":"closed","ping_status":"closed","sticky":false,"template":"","format":"standard","meta":{"_joinchat":[],"footnotes":""},"categories":[58],"tags":[],"class_list":{"0":"post-33176","1":"post","2":"type-post","3":"status-publish","4":"format-standard","5":"has-post-thumbnail","7":"category-opinion"},"_links":{"self":[{"href":"https:\/\/infovera.com.ar\/web\/wp-json\/wp\/v2\/posts\/33176","targetHints":{"allow":["GET"]}}],"collection":[{"href":"https:\/\/infovera.com.ar\/web\/wp-json\/wp\/v2\/posts"}],"about":[{"href":"https:\/\/infovera.com.ar\/web\/wp-json\/wp\/v2\/types\/post"}],"author":[{"embeddable":true,"href":"https:\/\/infovera.com.ar\/web\/wp-json\/wp\/v2\/users\/3"}],"replies":[{"embeddable":true,"href":"https:\/\/infovera.com.ar\/web\/wp-json\/wp\/v2\/comments?post=33176"}],"version-history":[{"count":0,"href":"https:\/\/infovera.com.ar\/web\/wp-json\/wp\/v2\/posts\/33176\/revisions"}],"wp:featuredmedia":[{"embeddable":true,"href":"https:\/\/infovera.com.ar\/web\/wp-json\/wp\/v2\/media\/33177"}],"wp:attachment":[{"href":"https:\/\/infovera.com.ar\/web\/wp-json\/wp\/v2\/media?parent=33176"}],"wp:term":[{"taxonomy":"category","embeddable":true,"href":"https:\/\/infovera.com.ar\/web\/wp-json\/wp\/v2\/categories?post=33176"},{"taxonomy":"post_tag","embeddable":true,"href":"https:\/\/infovera.com.ar\/web\/wp-json\/wp\/v2\/tags?post=33176"}],"curies":[{"name":"wp","href":"https:\/\/api.w.org\/{rel}","templated":true}]}}