{"id":33038,"date":"2022-03-21T08:10:59","date_gmt":"2022-03-21T11:10:59","guid":{"rendered":"https:\/\/infovera.com.ar\/web\/?p=33038"},"modified":"2022-03-21T08:10:59","modified_gmt":"2022-03-21T11:10:59","slug":"doce-policias-fueron-condenados-por-delitos-cometidos-mientras-prestaban-funciones-en-el-comando-radioelectrico-de-santa-fe","status":"publish","type":"post","link":"https:\/\/infovera.com.ar\/web\/2022\/03\/21\/doce-policias-fueron-condenados-por-delitos-cometidos-mientras-prestaban-funciones-en-el-comando-radioelectrico-de-santa-fe\/","title":{"rendered":"Doce polic\u00edas fueron condenados por delitos cometidos mientras prestaban funciones en el Comando Radioel\u00e9ctrico de Santa Fe"},"content":{"rendered":"<p><strong>Se les impusieron\u00a0penas de entre un y 15 a\u00f1os de prisi\u00f3n, las cuales fueron resueltas en juicios en los que se abreviaron los procedimientos. Cometieron diversos il\u00edcitos, entre ellos, privaci\u00f3n ilegal de la libertad por abuso funcional; severidades; apremios ilegales; lesiones graves; delitos contra la propiedad y tenencia ileg\u00edtima de arma de fuego. Un hombre y una mujer integrantes de la misma fuerza ser\u00e1n juzgados a partir de ma\u00f1ana en un debate oral y p\u00fablico.<\/strong><\/p>\n<p>Doce polic\u00edas del Comando Radioel\u00e9ctrico de la ciudad de Santa Fe fueron condenados por delitos que cometieron mientras prestaban funciones en esa dependencia de la polic\u00eda de la provincia. En el marco de la misma investigaci\u00f3n, que encabezan los fiscales Ezequiel Hern\u00e1ndez y Mariela Jim\u00e9nez, un hombre y una mujer que integraban la fuerza ser\u00e1n juzgados en un debate oral y p\u00fablico que comenzar\u00e1 ma\u00f1ana en los tribunales de la capital provincial.<\/p>\n<p>Las penas impuestas fueron resueltas en juicios en los que se abreviaron los procedimientos. Los condenados son Diego Javier Manzotti de 44 a\u00f1os; Waldemar Jos\u00e9 Augusto Gamboa de 42; Oscar Alberto Guarda de 34; Eduardo Miguel Ramos de 44; Jonatan Emanuel Pintos de 34; Gustavo Ariel Godoy de 41; Mar\u00eda Elena Bisegna de 45; Luis Javier Gorosito de 36; Walter Andr\u00e9s Tobares de 40; Germ\u00e1n Mat\u00edas Scalcione de 35; Cristian David Toloza de 44 y N\u00e9stor Eduardo S\u00e1nchez de 47.<\/p>\n<p>En relaci\u00f3n al juicio oral y p\u00fablico que comenzar\u00e1 ma\u00f1ana a otras dos personas, los fiscales Hern\u00e1ndez y Jim\u00e9nez representar\u00e1n al MPA. Los acusados son una mujer de 36 a\u00f1os, de iniciales TYR, para la que pedir\u00e1n una pena de ocho a\u00f1os de prisi\u00f3n efectiva; y un hombre de 39, cuyas iniciales son FEA, para quien solicitar\u00e1n una condena a un a\u00f1o y tres meses de prisi\u00f3n efectiva.<\/p>\n<p><strong>Penas impuestas<\/strong><\/p>\n<p>En relaci\u00f3n a los 12 condenados, Hern\u00e1ndez y Jim\u00e9nez se\u00f1alaron que \u201ca Manzotti se le impusieron 15 a\u00f1os de prisi\u00f3n efectiva\u201d, y detallaron que \u201cel monto result\u00f3 de la unificaci\u00f3n de dos a\u00f1os y seis meses de prisi\u00f3n dispuestos por los delitos que investigamos y otro antecedente penal condenatorio\u201d.<\/p>\n<p>Por su parte, \u201cGuarda fue condenado a siete a\u00f1os y medio de prisi\u00f3n efectiva -que cumplir\u00e1 de forma domiciliaria-; fue inhabilitado para ejercer cargos p\u00fablicos por 15 a\u00f1os; y se le impuso una multa de 20.000 pesos que deber\u00e1 pagar al MPA\u201d, explicaron los fiscales.<\/p>\n<p>Mencionaron que \u201ca Ramos se lo conden\u00f3 a seis a\u00f1os de prisi\u00f3n efectiva; fue inhabilitado por 12 a\u00f1os; y deber\u00e1 abonar una multa de 10.000 pesos\u201d. A\u00f1adieron que \u201ca Bisegna se le impuso una pena de seis a\u00f1os y seis meses de prisi\u00f3n; e inhabilitaci\u00f3n absoluta por el doble de tiempo\u201d. Adem\u00e1s, dijeron que \u201cPintos fue condenado a cinco a\u00f1os y seis meses de prisi\u00f3n efectiva; y qued\u00f3 inhabilitado por 11 a\u00f1os\u201d.<\/p>\n<p>Los funcionarios del MPA tambi\u00e9n plantearon que \u201cGorosito, Tobares, Toloza y Scalcione fueron condenados a tres a\u00f1os de prisi\u00f3n de ejecuci\u00f3n condicional y debieron pagar una reparaci\u00f3n a las v\u00edctimas\u201d. A su vez, \u201ca S\u00e1nchez se lo conden\u00f3 a tres a\u00f1os de prisi\u00f3n de ejecuci\u00f3n condicional y se le impuso una multa de 15.000 pesos\u201d, agregaron.<\/p>\n<p>Asimismo, puntualizaron que \u201cpara Gamboa se ordenaron dos a\u00f1os de prisi\u00f3n de cumplimiento condicional; y para Godoy se dispuso un a\u00f1o de prisi\u00f3n condicional y una multa de 10.000 pesos\u201d.<\/p>\n<p><strong>Los hechos<\/strong><\/p>\n<p>Hern\u00e1ndez y Jim\u00e9nez expusieron que \u201clos delitos fueron cometidos entre 2016 y 2019\u201d, y advirtieron que \u201cno todos los condenados y acusados participaron de los mismos hechos\u201d.<\/p>\n<p>\u201cUno de los il\u00edcitos ocurri\u00f3 en septiembre de 2018 y fue producto del accionar coordinado de Scalcione, Tobares, Gorosito, Toloza, Ramos, Bisegna, Guarda, Pintos y la integrante del Comando Radioel\u00e9ctrico que ser\u00e1 juzgada a partir de ma\u00f1ana\u201d, especificaron.<\/p>\n<p>\u201cEn el marco de un cacheo a tres hombres que estaban en la vereda de una casa ubicada en Padre Catena al 4.000, los polic\u00edas les sustrajeron una billetera con 13.000 pesos en efectivo\u201d, relataron los fiscales. \u201cInmediatamente despu\u00e9s, sin orden habilitante ni justificaci\u00f3n, rompieron el vidrio de la puerta de ingreso al domicilio, lesionaron a una mujer y, con un disparo de escopeta, mataron al perro de la familia\u201d, remarcaron.<\/p>\n<p>\u201cLos condenados y la acusada se apoderaron de 60.000 pesos, privaron ileg\u00edtimamente de la libertad a un hombre y le atribuyeron la portaci\u00f3n de un arma que no llevaba consigo\u201d, afirmaron. \u201cTanto \u00e9l como la v\u00edctima a la que le quitaron la billetera fueron aprehendidos por los uniformados, quienes confeccionaron actas con declaraciones falsas\u201d, a\u00f1adieron.<\/p>\n<p>Adem\u00e1s, aseveraron que \u201cGuarda y Ramos cometieron il\u00edcitos juntos en al menos cuatro ocasiones m\u00e1s\u201d. Contaron que \u201cse dividieron tareas para agredir a otras personas con golpes de pu\u00f1o, patadas y objetos contundentes\u201d. En tal sentido, subrayaron que \u201cen un hecho del que tambi\u00e9n participaron Manzotti y Gamboa, la v\u00edctima fue un empleado del Servicio Penitenciario al que le pegaron, le robaron dinero y un tel\u00e9fono que luego rompieron\u201d.<\/p>\n<p>Hern\u00e1ndez y Jim\u00e9nez narraron que \u201cen el marco de su labor en el Comando, Ramos y Guarda redactaron actas como si dos hombres a los que aprehendieron hubieran tenido armas de fuego cuando ello no era as\u00ed\u201d. Seg\u00fan destacaron, \u201cquienes en esas oportunidades contaban con un rev\u00f3lver y una carabina sin la debida autorizaci\u00f3n eran los polic\u00edas condenados\u201d.<\/p>\n<p>En cuanto a Godoy y el acusado de iniciales FEA \u2013que ser\u00e1 juzgado a partir de ma\u00f1ana\u2013, los fiscales manifestaron que \u201cen marzo de 2019 tuvieron en su poder un arma de fuego de uso civil que carec\u00eda de autorizaci\u00f3n legal\u201d. Asimismo, indicaron que \u201cS\u00e1nchez fue condenado por la tenencia indebida de una escopeta y un rev\u00f3lver\u201d.<\/p>\n<p><strong>Calificaciones penales<\/strong><\/p>\n<p>Los funcionarios del MPA expresaron que \u201clos hechos delictivos que investigamos fueron calificados como privaci\u00f3n ilegal de la libertad por abuso funcional; acto de crueldad animal; lesiones graves; severidades; apremios ilegales; robo calificado; hurto calificado; falsedad ideol\u00f3gica en instrumento p\u00fablico calificada; da\u00f1o; y tenencia ileg\u00edtima de arma de fuego de uso civil\u201d.<\/p>\n<p><strong>Abreviado<\/strong><\/p>\n<p>Respecto de las condenas resueltas, Hern\u00e1ndez y Jim\u00e9nez informaron que \u201clos acusados y sus abogados aceptaron las atribuciones delictivas que realizamos, las penas impuestas y la decisi\u00f3n de abreviar los procedimientos de cada uno de los juicios\u201d. En tanto, agregaron que \u201clas v\u00edctimas fueron notificadas y brindaron su conformidad\u201d.<\/p>\n<p><strong>Otro investigado<\/strong><\/p>\n<p>Los fiscales se refirieron a que \u201chay una decimoquinta persona que est\u00e1 relacionada a la investigaci\u00f3n\u201d y dijo que \u201cle atribuimos la tenencia ileg\u00edtima de un arma de fuego de uso civil\u201d. Finalmente, aclararon que \u201cse trata de otro polic\u00eda del Comando Radioel\u00e9ctrico de Santa Fe. Tiene 29 a\u00f1os, sus iniciales son NHQ y fue sometido a una suspensi\u00f3n de juicio a prueba (tambi\u00e9n conocida como\u00a0probation)\u201d.<\/p>\n","protected":false},"excerpt":{"rendered":"<p>Se les impusieron\u00a0penas de entre un y 15 a\u00f1os de prisi\u00f3n, las cuales fueron resueltas en juicios en los que se abreviaron los procedimientos. Cometieron diversos il\u00edcitos, entre ellos, privaci\u00f3n ilegal de la libertad por abuso funcional; severidades; apremios ilegales; lesiones graves; delitos contra la propiedad y tenencia ileg\u00edtima de arma de fuego. Un hombre [&hellip;]<\/p>\n","protected":false},"author":3,"featured_media":33039,"comment_status":"closed","ping_status":"closed","sticky":false,"template":"","format":"standard","meta":{"_joinchat":[],"footnotes":""},"categories":[30,60],"tags":[],"class_list":{"0":"post-33038","1":"post","2":"type-post","3":"status-publish","4":"format-standard","5":"has-post-thumbnail","7":"category-policiales","8":"category-provinciales"},"_links":{"self":[{"href":"https:\/\/infovera.com.ar\/web\/wp-json\/wp\/v2\/posts\/33038","targetHints":{"allow":["GET"]}}],"collection":[{"href":"https:\/\/infovera.com.ar\/web\/wp-json\/wp\/v2\/posts"}],"about":[{"href":"https:\/\/infovera.com.ar\/web\/wp-json\/wp\/v2\/types\/post"}],"author":[{"embeddable":true,"href":"https:\/\/infovera.com.ar\/web\/wp-json\/wp\/v2\/users\/3"}],"replies":[{"embeddable":true,"href":"https:\/\/infovera.com.ar\/web\/wp-json\/wp\/v2\/comments?post=33038"}],"version-history":[{"count":0,"href":"https:\/\/infovera.com.ar\/web\/wp-json\/wp\/v2\/posts\/33038\/revisions"}],"wp:featuredmedia":[{"embeddable":true,"href":"https:\/\/infovera.com.ar\/web\/wp-json\/wp\/v2\/media\/33039"}],"wp:attachment":[{"href":"https:\/\/infovera.com.ar\/web\/wp-json\/wp\/v2\/media?parent=33038"}],"wp:term":[{"taxonomy":"category","embeddable":true,"href":"https:\/\/infovera.com.ar\/web\/wp-json\/wp\/v2\/categories?post=33038"},{"taxonomy":"post_tag","embeddable":true,"href":"https:\/\/infovera.com.ar\/web\/wp-json\/wp\/v2\/tags?post=33038"}],"curies":[{"name":"wp","href":"https:\/\/api.w.org\/{rel}","templated":true}]}}