{"id":33016,"date":"2022-03-20T13:41:28","date_gmt":"2022-03-20T16:41:28","guid":{"rendered":"https:\/\/infovera.com.ar\/web\/?p=33016"},"modified":"2022-03-20T13:42:56","modified_gmt":"2022-03-20T16:42:56","slug":"33016","status":"publish","type":"post","link":"https:\/\/infovera.com.ar\/web\/2022\/03\/20\/33016\/","title":{"rendered":"Despiste en la madrugada sin lesionados"},"content":{"rendered":"<p>Esta ma\u00f1ana, a las 5, la\u00a0 operadora en turno de la Secci\u00f3n Comando Radioel\u00e9ctrico comision\u00f3 a una patrulla policial a la zona de Ruta 11 y 3 por un accidente de tr\u00e1nsito.<\/p>\n<p>Arribados al lugar, los agentes observaron que momentos antes, por causas que se tratan de establecer, un Fiat Siena, en circunstancias que se dirig\u00eda por Ruta 3 en sentido Oeste-Este despist\u00f3 hacia la banquina.<\/p>\n<p>El veh\u00edculo era conducido por un hombre 57 a\u00f1os de edad que iba acompa\u00f1ado por otro de 71 a\u00f1os de edad, ambos domiciliados en la Provincia de Buenos Aires.<\/p>\n<p>El\u00a0 conductor perdi\u00f3 el control del veh\u00edculo sin intervenci\u00f3n de terceros, despist\u00f3 su autom\u00f3vil en la banquina cardinal Este de la Ruta 11, resultando ambos ocupantes ilesos, solo da\u00f1os en el veh\u00edculo.<\/p>\n","protected":false},"excerpt":{"rendered":"<p>Esta ma\u00f1ana, a las 5, la\u00a0 operadora en turno de la Secci\u00f3n Comando Radioel\u00e9ctrico comision\u00f3 a una patrulla policial a la zona de Ruta 11 y 3 por un accidente de tr\u00e1nsito. Arribados al lugar, los agentes observaron que momentos antes, por causas que se tratan de establecer, un Fiat Siena, en circunstancias que se [&hellip;]<\/p>\n","protected":false},"author":3,"featured_media":33017,"comment_status":"closed","ping_status":"closed","sticky":false,"template":"","format":"standard","meta":{"_joinchat":[],"footnotes":""},"categories":[30,53],"tags":[],"class_list":{"0":"post-33016","1":"post","2":"type-post","3":"status-publish","4":"format-standard","5":"has-post-thumbnail","7":"category-policiales","8":"category-vera"},"_links":{"self":[{"href":"https:\/\/infovera.com.ar\/web\/wp-json\/wp\/v2\/posts\/33016","targetHints":{"allow":["GET"]}}],"collection":[{"href":"https:\/\/infovera.com.ar\/web\/wp-json\/wp\/v2\/posts"}],"about":[{"href":"https:\/\/infovera.com.ar\/web\/wp-json\/wp\/v2\/types\/post"}],"author":[{"embeddable":true,"href":"https:\/\/infovera.com.ar\/web\/wp-json\/wp\/v2\/users\/3"}],"replies":[{"embeddable":true,"href":"https:\/\/infovera.com.ar\/web\/wp-json\/wp\/v2\/comments?post=33016"}],"version-history":[{"count":0,"href":"https:\/\/infovera.com.ar\/web\/wp-json\/wp\/v2\/posts\/33016\/revisions"}],"wp:featuredmedia":[{"embeddable":true,"href":"https:\/\/infovera.com.ar\/web\/wp-json\/wp\/v2\/media\/33017"}],"wp:attachment":[{"href":"https:\/\/infovera.com.ar\/web\/wp-json\/wp\/v2\/media?parent=33016"}],"wp:term":[{"taxonomy":"category","embeddable":true,"href":"https:\/\/infovera.com.ar\/web\/wp-json\/wp\/v2\/categories?post=33016"},{"taxonomy":"post_tag","embeddable":true,"href":"https:\/\/infovera.com.ar\/web\/wp-json\/wp\/v2\/tags?post=33016"}],"curies":[{"name":"wp","href":"https:\/\/api.w.org\/{rel}","templated":true}]}}