{"id":32993,"date":"2022-03-19T21:14:34","date_gmt":"2022-03-20T00:14:34","guid":{"rendered":"https:\/\/infovera.com.ar\/web\/?p=32993"},"modified":"2022-03-21T10:50:41","modified_gmt":"2022-03-21T13:50:41","slug":"mario-souilhe-representa-al-dpto-vera-en-el-precongreso-nacional-del-movimiento-evita","status":"publish","type":"post","link":"https:\/\/infovera.com.ar\/web\/2022\/03\/19\/mario-souilhe-representa-al-dpto-vera-en-el-precongreso-nacional-del-movimiento-evita\/","title":{"rendered":"Mario Souilh\u00e9 representa al Dpto. Vera en el Precongreso Nacional del Movimiento Evita"},"content":{"rendered":"<p><strong>Dirigentes de todo el pa\u00eds se reunieron en Cabalango, C\u00f3rdoba<\/strong>.<\/p>\n<p>Durante la deliberaciones se abordaron cuestiones vinculadas a la situaci\u00f3n pol\u00edtica mundial, regional y nacional; se debati\u00f3 respecto a un salto en calidad de las pol\u00edticas p\u00fablicas de nuestro gobierno; y se trataron cuestiones internas como son formas de organizaci\u00f3n e institucionalidad\u00bb,<\/p>\n<p>En la noche de este s\u00e1bado se desarroll\u00f3 el Precongreso Nacional del Movimiento Evita de la Regi\u00f3n Centro, preparatorio para el Congreso Nacional a realizarse en mayo de 2022.<\/p>\n<p>Del mismo participaron dirigentes sociales de la Pcia de C\u00f3rdoba, Entre R\u00edos, Santa Fe y Ciudad Aut\u00f3noma de Buenos Aires..<\/p>\n<p>Emilio P\u00e9rsico, Chino Navarro, Juan Manuel Abal Medina, Eduardo Toniolli Dip Nacional, Lucila De Ponti Dip Pcial y el dirigente agrario Eduardo Buzzi son algunos de los dirigentes presentes.<\/p>\n<p>En representaci\u00f3n del Dpto. Vera est\u00e1 presente el militante social Mario Souilh\u00e9, de la ciudad de Vera..<\/p>\n","protected":false},"excerpt":{"rendered":"<p>Dirigentes de todo el pa\u00eds se reunieron en Cabalango, C\u00f3rdoba. Durante la deliberaciones se abordaron cuestiones vinculadas a la situaci\u00f3n pol\u00edtica mundial, regional y nacional; se debati\u00f3 respecto a un salto en calidad de las pol\u00edticas p\u00fablicas de nuestro gobierno; y se trataron cuestiones internas como son formas de organizaci\u00f3n e institucionalidad\u00bb, En la noche [&hellip;]<\/p>\n","protected":false},"author":3,"featured_media":32994,"comment_status":"closed","ping_status":"closed","sticky":false,"template":"","format":"standard","meta":{"_joinchat":[],"footnotes":""},"categories":[53],"tags":[],"class_list":{"0":"post-32993","1":"post","2":"type-post","3":"status-publish","4":"format-standard","5":"has-post-thumbnail","7":"category-vera"},"_links":{"self":[{"href":"https:\/\/infovera.com.ar\/web\/wp-json\/wp\/v2\/posts\/32993","targetHints":{"allow":["GET"]}}],"collection":[{"href":"https:\/\/infovera.com.ar\/web\/wp-json\/wp\/v2\/posts"}],"about":[{"href":"https:\/\/infovera.com.ar\/web\/wp-json\/wp\/v2\/types\/post"}],"author":[{"embeddable":true,"href":"https:\/\/infovera.com.ar\/web\/wp-json\/wp\/v2\/users\/3"}],"replies":[{"embeddable":true,"href":"https:\/\/infovera.com.ar\/web\/wp-json\/wp\/v2\/comments?post=32993"}],"version-history":[{"count":0,"href":"https:\/\/infovera.com.ar\/web\/wp-json\/wp\/v2\/posts\/32993\/revisions"}],"wp:featuredmedia":[{"embeddable":true,"href":"https:\/\/infovera.com.ar\/web\/wp-json\/wp\/v2\/media\/32994"}],"wp:attachment":[{"href":"https:\/\/infovera.com.ar\/web\/wp-json\/wp\/v2\/media?parent=32993"}],"wp:term":[{"taxonomy":"category","embeddable":true,"href":"https:\/\/infovera.com.ar\/web\/wp-json\/wp\/v2\/categories?post=32993"},{"taxonomy":"post_tag","embeddable":true,"href":"https:\/\/infovera.com.ar\/web\/wp-json\/wp\/v2\/tags?post=32993"}],"curies":[{"name":"wp","href":"https:\/\/api.w.org\/{rel}","templated":true}]}}