{"id":32977,"date":"2022-03-19T13:14:13","date_gmt":"2022-03-19T16:14:13","guid":{"rendered":"https:\/\/infovera.com.ar\/web\/?p=32977"},"modified":"2022-03-21T10:51:27","modified_gmt":"2022-03-21T13:51:27","slug":"los-pumas-recuperaron-un-motor-villa-robado-a-un-abogado-de-vera","status":"publish","type":"post","link":"https:\/\/infovera.com.ar\/web\/2022\/03\/19\/los-pumas-recuperaron-un-motor-villa-robado-a-un-abogado-de-vera\/","title":{"rendered":"Los Pumas recuperaron un motor Villa robado a un abogado de Vera"},"content":{"rendered":"<p><strong>Procedimiento de la Secci\u00f3n Vera de Los Pumas.<\/strong><\/p>\n<p>Efectivos de la Direcci\u00f3n General de Seguridad Rural &#8220;Los Pumas&#8221; con asiento en Vera lograron recuperan un motor a explosi\u00f3n que hab\u00eda sido sustra\u00eddo al abogado Julio Dante Thomas.<\/p>\n<p>La denuncia fue radicada el 22 de febrero pasado por el daminificado. Por la r la sustracci\u00f3n de un motor marca \u201cVilla\u201d, Los Pumas se constituyeron en un domicilio ubicado en calle Allende Lezama, a la altura del Oratorio de la ciudad de Vera, donde previa autorizaci\u00f3n de ingreso por escrito se realiz\u00f3 una requisa domiciliaria, la cual arroj\u00f3 resultado positivo.<\/p>\n<p>Fue as\u00ed que los numerarios rurales procedieron al secuestro preventivo del motor a explosi\u00f3n naftero, de 4,5 hp de potencia, de color gris y en regular estado de uso, siendo el mismo reconocido posteriormente por el denunciante, trat\u00e1ndose del que le sustrajeran y por lo cual radicara oportunamente la denuncia.<\/p>\n<p>Con respecto al principal morador de la vivienda requisada, se trat\u00f3 de A. O., quien manifest\u00f3 que al motor se lo compr\u00f3 de buena fe a un vecino conocido como R. M., que se lo hab\u00eda ofrecido unos quince d\u00edas atr\u00e1s.<\/p>\n<p>El fiscal Nicol\u00e1s Maglier dispuso que se le eleve el caso a los fines de determinar los pasos procesales a seguir, y que se haga entrega del motor a su propietario en car\u00e1cter definitivo.<\/p>\n","protected":false},"excerpt":{"rendered":"<p>Procedimiento de la Secci\u00f3n Vera de Los Pumas. Efectivos de la Direcci\u00f3n General de Seguridad Rural &#8220;Los Pumas&#8221; con asiento en Vera lograron recuperan un motor a explosi\u00f3n que hab\u00eda sido sustra\u00eddo al abogado Julio Dante Thomas. La denuncia fue radicada el 22 de febrero pasado por el daminificado. Por la r la sustracci\u00f3n de [&hellip;]<\/p>\n","protected":false},"author":3,"featured_media":32978,"comment_status":"closed","ping_status":"closed","sticky":false,"template":"","format":"standard","meta":{"_joinchat":[],"footnotes":""},"categories":[30,53],"tags":[],"class_list":{"0":"post-32977","1":"post","2":"type-post","3":"status-publish","4":"format-standard","5":"has-post-thumbnail","7":"category-policiales","8":"category-vera"},"_links":{"self":[{"href":"https:\/\/infovera.com.ar\/web\/wp-json\/wp\/v2\/posts\/32977","targetHints":{"allow":["GET"]}}],"collection":[{"href":"https:\/\/infovera.com.ar\/web\/wp-json\/wp\/v2\/posts"}],"about":[{"href":"https:\/\/infovera.com.ar\/web\/wp-json\/wp\/v2\/types\/post"}],"author":[{"embeddable":true,"href":"https:\/\/infovera.com.ar\/web\/wp-json\/wp\/v2\/users\/3"}],"replies":[{"embeddable":true,"href":"https:\/\/infovera.com.ar\/web\/wp-json\/wp\/v2\/comments?post=32977"}],"version-history":[{"count":0,"href":"https:\/\/infovera.com.ar\/web\/wp-json\/wp\/v2\/posts\/32977\/revisions"}],"wp:featuredmedia":[{"embeddable":true,"href":"https:\/\/infovera.com.ar\/web\/wp-json\/wp\/v2\/media\/32978"}],"wp:attachment":[{"href":"https:\/\/infovera.com.ar\/web\/wp-json\/wp\/v2\/media?parent=32977"}],"wp:term":[{"taxonomy":"category","embeddable":true,"href":"https:\/\/infovera.com.ar\/web\/wp-json\/wp\/v2\/categories?post=32977"},{"taxonomy":"post_tag","embeddable":true,"href":"https:\/\/infovera.com.ar\/web\/wp-json\/wp\/v2\/tags?post=32977"}],"curies":[{"name":"wp","href":"https:\/\/api.w.org\/{rel}","templated":true}]}}