{"id":32804,"date":"2022-03-13T22:26:06","date_gmt":"2022-03-14T01:26:06","guid":{"rendered":"https:\/\/infovera.com.ar\/web\/?p=32804"},"modified":"2022-03-13T22:26:06","modified_gmt":"2022-03-14T01:26:06","slug":"la-municipalidad-de-vera-homenajeo-a-mujeres-verenses","status":"publish","type":"post","link":"https:\/\/infovera.com.ar\/web\/2022\/03\/13\/la-municipalidad-de-vera-homenajeo-a-mujeres-verenses\/","title":{"rendered":"La Municipalidad de Vera homenaje\u00f3 a mujeres verenses"},"content":{"rendered":"<div class=\"kvgmc6g5 cxmmr5t8 oygrvhab hcukyx3x c1et5uql ii04i59q\">\n<div dir=\"auto\">La Municipalidad de Vera, homenaje\u00f3 a las mujeres verenses que, a trav\u00e9s de diferentes acciones, aportaron a la construcci\u00f3n de la comunidad.<\/div>\n<\/div>\n<div dir=\"auto\"><\/div>\n<div dir=\"auto\"><\/div>\n<div class=\"cxmmr5t8 oygrvhab hcukyx3x c1et5uql o9v6fnle ii04i59q\">\n<div dir=\"auto\">En nombre del municipio se entreg\u00f3 un reconocimiento a las siguientes mujeres, que representan a cada una de las verenses:<\/div>\n<\/div>\n<div dir=\"auto\"><\/div>\n<div dir=\"auto\"><\/div>\n<div class=\"cxmmr5t8 oygrvhab hcukyx3x c1et5uql o9v6fnle ii04i59q\">\n<ul>\n<li dir=\"auto\">Mar\u00eda del Carmen Barbero<\/li>\n<li dir=\"auto\">Nelly Fournier<\/li>\n<li dir=\"auto\">Eva Rivero<\/li>\n<li dir=\"auto\">Susana Montenegro<\/li>\n<li dir=\"auto\">Carina Y\u00e1\u00f1ez<\/li>\n<li dir=\"auto\">In\u00e9s de la Pe\u00f1a<\/li>\n<li dir=\"auto\">Sonia Caballero<\/li>\n<li dir=\"auto\">Graciela D\u00edaz<\/li>\n<li dir=\"auto\">Norma Walker<\/li>\n<li dir=\"auto\">Adriana Gonz\u00e1lez<\/li>\n<li dir=\"auto\">Carina Mathey<\/li>\n<li dir=\"auto\">Lorenza Gautto<\/li>\n<li dir=\"auto\">Mar\u00eda Estela Barbona<\/li>\n<li dir=\"auto\">Mar\u00eda Itat\u00ed Rol\u00f3n<\/li>\n<li dir=\"auto\">Antonela Silguero<\/li>\n<li dir=\"auto\">Georgina Said<\/li>\n<li dir=\"auto\">Mar\u00eda Cuevas<\/li>\n<li dir=\"auto\">Teresa Chamorro<\/li>\n<li dir=\"auto\">Dalila Chiani<\/li>\n<\/ul>\n<\/div>\n<div dir=\"auto\"><\/div>\n<div dir=\"auto\"><\/div>\n<div class=\"cxmmr5t8 oygrvhab hcukyx3x c1et5uql o9v6fnle ii04i59q\">\n<div dir=\"auto\">Tambi\u00e9n se reconoci\u00f3 a la Intendente Paula Mitre y a la Presidente del Concejo Municipal, Nancy Senn, primeras mujeres en la historia de la ciudad en encabezar dichas instituciones.<\/div>\n<\/div>\n<div dir=\"auto\"><\/div>\n<div dir=\"auto\"><\/div>\n<div class=\"cxmmr5t8 oygrvhab hcukyx3x c1et5uql o9v6fnle ii04i59q\">\n<div dir=\"auto\">Adem\u00e1s se realizaron representaciones art\u00edsticas a cargo del Ballet Meraki, Cecilia Berli y Ornella Abate.<\/div>\n<\/div>\n","protected":false},"excerpt":{"rendered":"<p>La Municipalidad de Vera, homenaje\u00f3 a las mujeres verenses que, a trav\u00e9s de diferentes acciones, aportaron a la construcci\u00f3n de la comunidad. En nombre del municipio se entreg\u00f3 un reconocimiento a las siguientes mujeres, que representan a cada una de las verenses: Mar\u00eda del Carmen Barbero Nelly Fournier Eva Rivero Susana Montenegro Carina Y\u00e1\u00f1ez In\u00e9s [&hellip;]<\/p>\n","protected":false},"author":3,"featured_media":32805,"comment_status":"closed","ping_status":"closed","sticky":false,"template":"","format":"standard","meta":{"_joinchat":[],"footnotes":""},"categories":[51,53],"tags":[],"class_list":{"0":"post-32804","1":"post","2":"type-post","3":"status-publish","4":"format-standard","5":"has-post-thumbnail","7":"category-locales","8":"category-vera"},"_links":{"self":[{"href":"https:\/\/infovera.com.ar\/web\/wp-json\/wp\/v2\/posts\/32804","targetHints":{"allow":["GET"]}}],"collection":[{"href":"https:\/\/infovera.com.ar\/web\/wp-json\/wp\/v2\/posts"}],"about":[{"href":"https:\/\/infovera.com.ar\/web\/wp-json\/wp\/v2\/types\/post"}],"author":[{"embeddable":true,"href":"https:\/\/infovera.com.ar\/web\/wp-json\/wp\/v2\/users\/3"}],"replies":[{"embeddable":true,"href":"https:\/\/infovera.com.ar\/web\/wp-json\/wp\/v2\/comments?post=32804"}],"version-history":[{"count":0,"href":"https:\/\/infovera.com.ar\/web\/wp-json\/wp\/v2\/posts\/32804\/revisions"}],"wp:featuredmedia":[{"embeddable":true,"href":"https:\/\/infovera.com.ar\/web\/wp-json\/wp\/v2\/media\/32805"}],"wp:attachment":[{"href":"https:\/\/infovera.com.ar\/web\/wp-json\/wp\/v2\/media?parent=32804"}],"wp:term":[{"taxonomy":"category","embeddable":true,"href":"https:\/\/infovera.com.ar\/web\/wp-json\/wp\/v2\/categories?post=32804"},{"taxonomy":"post_tag","embeddable":true,"href":"https:\/\/infovera.com.ar\/web\/wp-json\/wp\/v2\/tags?post=32804"}],"curies":[{"name":"wp","href":"https:\/\/api.w.org\/{rel}","templated":true}]}}