{"id":32799,"date":"2022-03-13T19:33:20","date_gmt":"2022-03-13T22:33:20","guid":{"rendered":"https:\/\/infovera.com.ar\/web\/?p=32799"},"modified":"2022-03-13T19:33:20","modified_gmt":"2022-03-13T22:33:20","slug":"fin-del-sueno-copero-para-huracan-de-la-criolla","status":"publish","type":"post","link":"https:\/\/infovera.com.ar\/web\/2022\/03\/13\/fin-del-sueno-copero-para-huracan-de-la-criolla\/","title":{"rendered":"Fin del sue\u00f1o copero para Hurac\u00e1n de La Criolla"},"content":{"rendered":"<p>Partido de vuelta\u00a0 de semifinales de la Copa Federaci\u00f3n.<\/p>\n<p>En un partido de ida y vuelta Hurac\u00e1n de La Criolla cay\u00f3 derrotado por Atl\u00e9tico Maria juana por 3 a 2 con un global 4 a 3 con goles para el local de Villlalba y Oviedo y para la visita lde Royer, Cilioni y<br \/>\nPerren.<\/p>\n<p>Mar\u00eda Juana jugar\u00e1 la final N\u00e1utico El Quill\u00e1.<a href=\"https:\/\/infovera.com.ar\/web\/wp-content\/uploads\/2022\/03\/IMG-20220313-WA0022.jpg\"><img loading=\"lazy\" decoding=\"async\" class=\"alignleft size-large wp-image-32800\" src=\"https:\/\/infovera.com.ar\/web\/wp-content\/uploads\/2022\/03\/IMG-20220313-WA0022-1024x768.jpg\" alt=\"\" width=\"696\" height=\"522\" srcset=\"https:\/\/infovera.com.ar\/web\/wp-content\/uploads\/2022\/03\/IMG-20220313-WA0022-1024x768.jpg 1024w, https:\/\/infovera.com.ar\/web\/wp-content\/uploads\/2022\/03\/IMG-20220313-WA0022-300x225.jpg 300w, https:\/\/infovera.com.ar\/web\/wp-content\/uploads\/2022\/03\/IMG-20220313-WA0022-768x576.jpg 768w, https:\/\/infovera.com.ar\/web\/wp-content\/uploads\/2022\/03\/IMG-20220313-WA0022-1536x1152.jpg 1536w, https:\/\/infovera.com.ar\/web\/wp-content\/uploads\/2022\/03\/IMG-20220313-WA0022-80x60.jpg 80w, https:\/\/infovera.com.ar\/web\/wp-content\/uploads\/2022\/03\/IMG-20220313-WA0022-265x198.jpg 265w, https:\/\/infovera.com.ar\/web\/wp-content\/uploads\/2022\/03\/IMG-20220313-WA0022-696x522.jpg 696w, https:\/\/infovera.com.ar\/web\/wp-content\/uploads\/2022\/03\/IMG-20220313-WA0022-1068x801.jpg 1068w, https:\/\/infovera.com.ar\/web\/wp-content\/uploads\/2022\/03\/IMG-20220313-WA0022-560x420.jpg 560w, https:\/\/infovera.com.ar\/web\/wp-content\/uploads\/2022\/03\/IMG-20220313-WA0022.jpg 1600w\" sizes=\"auto, (max-width: 696px) 100vw, 696px\" \/><\/a><\/p>\n","protected":false},"excerpt":{"rendered":"<p>Partido de vuelta\u00a0 de semifinales de la Copa Federaci\u00f3n. En un partido de ida y vuelta Hurac\u00e1n de La Criolla cay\u00f3 derrotado por Atl\u00e9tico Maria juana por 3 a 2 con un global 4 a 3 con goles para el local de Villlalba y Oviedo y para la visita lde Royer, Cilioni y Perren. Mar\u00eda [&hellip;]<\/p>\n","protected":false},"author":3,"featured_media":32801,"comment_status":"closed","ping_status":"closed","sticky":false,"template":"","format":"standard","meta":{"_joinchat":[],"footnotes":""},"categories":[31,56,35],"tags":[],"class_list":{"0":"post-32799","1":"post","2":"type-post","3":"status-publish","4":"format-standard","5":"has-post-thumbnail","7":"category-deportes","8":"category-destacados","9":"category-futbol"},"_links":{"self":[{"href":"https:\/\/infovera.com.ar\/web\/wp-json\/wp\/v2\/posts\/32799","targetHints":{"allow":["GET"]}}],"collection":[{"href":"https:\/\/infovera.com.ar\/web\/wp-json\/wp\/v2\/posts"}],"about":[{"href":"https:\/\/infovera.com.ar\/web\/wp-json\/wp\/v2\/types\/post"}],"author":[{"embeddable":true,"href":"https:\/\/infovera.com.ar\/web\/wp-json\/wp\/v2\/users\/3"}],"replies":[{"embeddable":true,"href":"https:\/\/infovera.com.ar\/web\/wp-json\/wp\/v2\/comments?post=32799"}],"version-history":[{"count":0,"href":"https:\/\/infovera.com.ar\/web\/wp-json\/wp\/v2\/posts\/32799\/revisions"}],"wp:featuredmedia":[{"embeddable":true,"href":"https:\/\/infovera.com.ar\/web\/wp-json\/wp\/v2\/media\/32801"}],"wp:attachment":[{"href":"https:\/\/infovera.com.ar\/web\/wp-json\/wp\/v2\/media?parent=32799"}],"wp:term":[{"taxonomy":"category","embeddable":true,"href":"https:\/\/infovera.com.ar\/web\/wp-json\/wp\/v2\/categories?post=32799"},{"taxonomy":"post_tag","embeddable":true,"href":"https:\/\/infovera.com.ar\/web\/wp-json\/wp\/v2\/tags?post=32799"}],"curies":[{"name":"wp","href":"https:\/\/api.w.org\/{rel}","templated":true}]}}