{"id":32781,"date":"2022-03-12T18:57:17","date_gmt":"2022-03-12T21:57:17","guid":{"rendered":"https:\/\/infovera.com.ar\/web\/?p=32781"},"modified":"2022-03-12T18:57:17","modified_gmt":"2022-03-12T21:57:17","slug":"municipales-acordaron-un-aumento-salarial-del-46-hasta-el-mes-de-septiembre-donde-habra-revision","status":"publish","type":"post","link":"https:\/\/infovera.com.ar\/web\/2022\/03\/12\/municipales-acordaron-un-aumento-salarial-del-46-hasta-el-mes-de-septiembre-donde-habra-revision\/","title":{"rendered":"Municipales acordaron un aumento salarial del 46% hasta el mes de septiembre donde habr\u00e1 revisi\u00f3n"},"content":{"rendered":"<p><strong>Se fij\u00f3 un aumento del 46% de la pol\u00edtica salarial vigente en cada jurisdicci\u00f3n. Dicho acuerdo se aplica a partir del 1 de marzo y cuenta con los siguientes porcentajes y tramos: 22% en el mes de marzo, 4% en el mes de mayo, 4% en el mes de junio, 6% en el mes de julio, 5% en el mes de Agosto y un 5% a partir del mes de setiembre. Se estableci\u00f3 una cl\u00e1usula de revisi\u00f3n para el mes de setiembre.<\/strong><\/p>\n<p>El salario m\u00ednimo garantizado de bolsillo sufrir\u00e1 los mismos incrementos, como tambi\u00e9n se traslada a Jubilados y Pensionados. El acuerdo alcanza, adem\u00e1s del personal permanente, a todas las modalidades de contrataci\u00f3n, en Municipios y Comunas de la Provincia de Santa Fe.<\/p>\n<p>El acuerdo fija para el primer semestre un incremento del 30%, porcentaje que en consecuencia impacta en el aguinaldo.<\/p>\n<p>Esta pol\u00edtica salarial es el resultado innovador de aplicar una cl\u00e1usula gatillo pero con porcentajes superiores a la inflaci\u00f3n, que ser\u00e1 ajustado en Setiembre. Cabe destacar que la Justicia determin\u00f3 que podr\u00e1 haber acuerdos salariales locales, siempre por arriba de paritarias establecidas en la Ley 9.286.<\/p>\n<p><strong>Ignacio Noni Monz\u00f3n. Secretario General de FESTRAM<\/strong><\/p>\n<p>\u201cEste acuerdo es trascendental, porque pone de manifiesto que pese a los interesados en romper esta paritaria, Intendentes y Presidentes Comunales se comprometieron para negociar con FESTRAM, en el \u00fanico \u00e1mbito legal vigente, el salario de los Trabajadores Municipales y Comunales de nuestra Provincia y hubo un marco de unidad y participaci\u00f3n de todos los Sindicatos del Interior\u00bb expres\u00f3 Ignacio \u201cNoni\u201d Monz\u00f3n\u201d Secretario General.<\/p>\n<p>Por su parte, la Secretaria Adjunta Andrea Paz, resalt\u00f3 \u201ces un acuerdo superador al del a\u00f1o pasado ya que es mayor en su primer tramo, y esto demuestra que FESTRAM cumple\u201d.<\/p>\n<p>Por \u00faltimo, FESTRAM ratifica, que sobre la base del acuerdo logrado en el marco de la Ley 9.996 \u2013 que fija las condiciones salariales y formas de pago m\u00ednimas para la totalidad de los trabajadores y trabajadoras de Municipios y Comunas de la Provincia de Santa Fe- a partir de ahora los Sindicatos de base quedan facultados para obtener mejoras superiores al acuerdo.<\/p>\n","protected":false},"excerpt":{"rendered":"<p>Se fij\u00f3 un aumento del 46% de la pol\u00edtica salarial vigente en cada jurisdicci\u00f3n. Dicho acuerdo se aplica a partir del 1 de marzo y cuenta con los siguientes porcentajes y tramos: 22% en el mes de marzo, 4% en el mes de mayo, 4% en el mes de junio, 6% en el mes de [&hellip;]<\/p>\n","protected":false},"author":3,"featured_media":32782,"comment_status":"closed","ping_status":"closed","sticky":false,"template":"","format":"standard","meta":{"_joinchat":[],"footnotes":""},"categories":[66],"tags":[],"class_list":{"0":"post-32781","1":"post","2":"type-post","3":"status-publish","4":"format-standard","5":"has-post-thumbnail","7":"category-politica"},"_links":{"self":[{"href":"https:\/\/infovera.com.ar\/web\/wp-json\/wp\/v2\/posts\/32781","targetHints":{"allow":["GET"]}}],"collection":[{"href":"https:\/\/infovera.com.ar\/web\/wp-json\/wp\/v2\/posts"}],"about":[{"href":"https:\/\/infovera.com.ar\/web\/wp-json\/wp\/v2\/types\/post"}],"author":[{"embeddable":true,"href":"https:\/\/infovera.com.ar\/web\/wp-json\/wp\/v2\/users\/3"}],"replies":[{"embeddable":true,"href":"https:\/\/infovera.com.ar\/web\/wp-json\/wp\/v2\/comments?post=32781"}],"version-history":[{"count":0,"href":"https:\/\/infovera.com.ar\/web\/wp-json\/wp\/v2\/posts\/32781\/revisions"}],"wp:featuredmedia":[{"embeddable":true,"href":"https:\/\/infovera.com.ar\/web\/wp-json\/wp\/v2\/media\/32782"}],"wp:attachment":[{"href":"https:\/\/infovera.com.ar\/web\/wp-json\/wp\/v2\/media?parent=32781"}],"wp:term":[{"taxonomy":"category","embeddable":true,"href":"https:\/\/infovera.com.ar\/web\/wp-json\/wp\/v2\/categories?post=32781"},{"taxonomy":"post_tag","embeddable":true,"href":"https:\/\/infovera.com.ar\/web\/wp-json\/wp\/v2\/tags?post=32781"}],"curies":[{"name":"wp","href":"https:\/\/api.w.org\/{rel}","templated":true}]}}