{"id":32723,"date":"2022-03-10T20:26:46","date_gmt":"2022-03-10T23:26:46","guid":{"rendered":"https:\/\/infovera.com.ar\/web\/?p=32723"},"modified":"2022-03-10T20:26:46","modified_gmt":"2022-03-10T23:26:46","slug":"con-una-firme-defensa-de-los-municipios-y-comunas-el-socialismo-voto-el-presupuesto-y-seguira-de-cerca-su-cumplimiento","status":"publish","type":"post","link":"https:\/\/infovera.com.ar\/web\/2022\/03\/10\/con-una-firme-defensa-de-los-municipios-y-comunas-el-socialismo-voto-el-presupuesto-y-seguira-de-cerca-su-cumplimiento\/","title":{"rendered":"Con una firme defensa de los municipios y comunas, el Socialismo vot\u00f3 el presupuesto y seguir\u00e1 de cerca su cumplimiento"},"content":{"rendered":"<p>Joaqu\u00edn Blanco valor\u00f3 que el Ejecutivo haya abierto el di\u00e1logo, aunque se mostr\u00f3 preocupado \u201cpor la inacci\u00f3n de un gobierno sin plan\u201d. Clara Garc\u00eda advirti\u00f3 que se seguir\u00e1 de cerca la ejecuci\u00f3n \u201cpara que se cumpla con los fondos comprometidos a los gobiernos locales\u201d.<\/p>\n<p>La C\u00e1mara de Diputadas y Diputados dio media sanci\u00f3n al presupuesto provincial 2022 con una amplia mayor\u00eda -41 votos a favor y 4 en contra-, que cont\u00f3 con el apoyo del bloque Socialistas, del Frente Progresista C\u00edvico y Social (FPCyS). Tras la sesi\u00f3n, el presidente de la bancada socialista, Joaqu\u00edn Blanco, valor\u00f3 \u201cel cambio de actitud por parte del gobierno\u201d de Omar Perotti, que dej\u00f3 atr\u00e1s la intenci\u00f3n de \u201cvotar un presupuesto a libro cerrado acordado con los senadores, e incorpor\u00f3 muchas de las cuestiones planteadas desde la oposici\u00f3n\u201d, pero se mostr\u00f3 preocupado por la \u201cinacci\u00f3n de un gobierno sin plan\u201d.<\/p>\n<p>Por su parte, la presidenta del interbloque FPCyS, Clara Garc\u00eda, fundament\u00f3 el acompa\u00f1amiento del proyecto haciendo foco en la respuesta positiva a distintos reclamos de fondos para los municipios y comunas, temas que en todos los casos hab\u00edan sido planteados en ocasi\u00f3n del debate a fines del a\u00f1o anterior. \u201cVamos a estar atentos y a hacer un control estricto para que se realicen las transferencias correspondientes y haya una distribuci\u00f3n justa\u201d, advirti\u00f3.<\/p>\n<p>En la misma sinton\u00eda, Blanco remarc\u00f3: \u201cDesde el socialismo apuntamos a cuestiones centrales para fortalecer a los gobiernos locales. Creemos que estamos dando un paso importante en la provincia de Santa Fe, sobre todo en un contexto de enorme incertidumbre nacional, con un acuerdo inminente con el FMI (Fondo Monetario Internacional) que va a traer m\u00e1s ajuste y penurias econ\u00f3micas\u201d.<\/p>\n<p>En el contexto de \u201cuna macroeconom\u00eda inflacionaria y donde la guerra en Ucrania va a repercutir en el precio de la energ\u00eda y los alimentos, es muy importante que Santa Fe tenga un presupuesto que ordene y d\u00e9 certezas a los actores econ\u00f3micos y sociales\u201d, sostuvo el legislador.<\/p>\n<p>No obstante, Blanco no se ocult\u00f3 su preocupaci\u00f3n por \u201cla inacci\u00f3n de un gobierno sin plan\u201d, que promueve \u201cun presupuesto de ajuste\u201d. Y al respecto, se concentr\u00f3 en tres rubros esenciales: \u201cEl gasto en obra p\u00fablica sigue en ca\u00edda por tercer a\u00f1o consecutivo, los salarios y jubilaciones siguen por debajo de la inflaci\u00f3n, y la paz y el orden, el caballito de batalla del gobernador, siguen sin ser priorizadas\u201d<\/p>\n<p>Sobre este \u00faltimo punto, a\u00f1adi\u00f3: \u201cLas inversiones en seguridad caen por debajo de otros \u00edtems del presupuesto, no se gastaron los 3.000 millones de pesos que le asign\u00f3 el gobierno nacional para el \u00e1rea, ni sabemos si se est\u00e1 cumpliendo la Ley de Emergencia en Seguridad votada en diciembre. Es otro proyecto de presupuesto con una mirada conservadora que marca la pauta de lo que es el gobierno de Perotti\u201d, concluy\u00f3.<\/p>\n<p>EL FOCO PUESTO EN LOS RECURSOS PARA MUNICIPIOS Y COMUNAS<\/p>\n<p>Clara Garc\u00eda remarc\u00f3 que \u201cel gobierno arrastraba incumplimientos y falta de pago de recursos leg\u00edtimos de los gobiernos locales, como son los del Fondo de Obras Menores, de Financiamiento Educativo, de obras delegadas, viviendas, vialidad, el Plan Incluir y otros. Celebramos que la llegada de esos recursos est\u00e9 en v\u00edas de solucionarse y se cumplan hacia adelante\u201d.<\/p>\n<p>\u201cLas grandes urbes, que no se limitan a Rosario y Santa Fe, tienen problemas de seguridad y extrema pobreza en muchas barriadas, por lo que necesitan un enorme apoyo. Esta semana ya comenzaron a firmarse los convenios en materia de infraestructura urbana, con aportes para luces Led. Tambi\u00e9n los convenios de salud para los grandes n\u00facleos urbanos que tienen efectores municipales importantes\u201d, resalt\u00f3.<\/p>\n<p>Con respecto al Plan Incluir, espec\u00edficamente, Garc\u00eda tambi\u00e9n comprometi\u00f3 \u201cun seguimiento estrecho de los 6.000 millones de pesos asignados para que sean distribuidos con justicia y equidad entre todos los municipios y comunas que los necesitan\u201d.<\/p>\n<p>La diputada socialista tambi\u00e9n celebr\u00f3 que se haya dado marcha atr\u00e1s con un art\u00edculo que \u201cavanzaba sobre la autonom\u00eda de los municipios y puedan acceder a financiamiento a trav\u00e9s de letras u otros medios de pago sin tener que pedir autorizaci\u00f3n al gobierno provincial, es decir, respetando a quien ha sido elegido para gestionar\u201d, sostuvo.<\/p>\n<p>A la hora de los cuestionamientos, Garc\u00eda apunt\u00f3 a la acumulaci\u00f3n de recursos en dep\u00f3sitos bancarios: \u201cA\u00fan en estos dos a\u00f1os tan duros de pandemia y con tantas necesidades, el gobierno privilegi\u00f3 el super\u00e1vit y se encamina a hacerlo por tercer a\u00f1o. En diciembre de 2021 \u2013precis\u00f3 la legisladora-, despu\u00e9s de pagar el medio aguinaldo, que implica un enorme drenaje de fondos, hab\u00eda en bancos 64.000 millones de pesos. No estamos de acuerdo\u201d.<\/p>\n<p>A la vez, critic\u00f3 la subejecuci\u00f3n presupuestaria. \u201cOjal\u00e1 se cumpla todo lo que est\u00e1 previsto en este presupuesto porque los santafesinos no merecemos seguir pagando tributos o seguir endeud\u00e1ndonos y pagar costos financieros para no contar con todos los cuidados necesarios de la vida humana y la salud, del trabajo para los santafesinos y santafesinas, de los ni\u00f1os que han dejado la escuela\u201d, confi\u00f3 la diputada, pero a\u00f1adi\u00f3: \u201cSi a noviembre de 2021 no llegaron a ejecutar el 50% de lo presupuestado para obra p\u00fablica -unos 30 mil millones de pesos-, cuesta creer que este a\u00f1o vayan a ejecutar 120.000, es decir, 4 veces m\u00e1s\u201d.<\/p>\n","protected":false},"excerpt":{"rendered":"<p>Joaqu\u00edn Blanco valor\u00f3 que el Ejecutivo haya abierto el di\u00e1logo, aunque se mostr\u00f3 preocupado \u201cpor la inacci\u00f3n de un gobierno sin plan\u201d. Clara Garc\u00eda advirti\u00f3 que se seguir\u00e1 de cerca la ejecuci\u00f3n \u201cpara que se cumpla con los fondos comprometidos a los gobiernos locales\u201d. La C\u00e1mara de Diputadas y Diputados dio media sanci\u00f3n al presupuesto [&hellip;]<\/p>\n","protected":false},"author":3,"featured_media":32724,"comment_status":"closed","ping_status":"closed","sticky":false,"template":"","format":"standard","meta":{"_joinchat":[],"footnotes":""},"categories":[66],"tags":[],"class_list":{"0":"post-32723","1":"post","2":"type-post","3":"status-publish","4":"format-standard","5":"has-post-thumbnail","7":"category-politica"},"_links":{"self":[{"href":"https:\/\/infovera.com.ar\/web\/wp-json\/wp\/v2\/posts\/32723","targetHints":{"allow":["GET"]}}],"collection":[{"href":"https:\/\/infovera.com.ar\/web\/wp-json\/wp\/v2\/posts"}],"about":[{"href":"https:\/\/infovera.com.ar\/web\/wp-json\/wp\/v2\/types\/post"}],"author":[{"embeddable":true,"href":"https:\/\/infovera.com.ar\/web\/wp-json\/wp\/v2\/users\/3"}],"replies":[{"embeddable":true,"href":"https:\/\/infovera.com.ar\/web\/wp-json\/wp\/v2\/comments?post=32723"}],"version-history":[{"count":0,"href":"https:\/\/infovera.com.ar\/web\/wp-json\/wp\/v2\/posts\/32723\/revisions"}],"wp:featuredmedia":[{"embeddable":true,"href":"https:\/\/infovera.com.ar\/web\/wp-json\/wp\/v2\/media\/32724"}],"wp:attachment":[{"href":"https:\/\/infovera.com.ar\/web\/wp-json\/wp\/v2\/media?parent=32723"}],"wp:term":[{"taxonomy":"category","embeddable":true,"href":"https:\/\/infovera.com.ar\/web\/wp-json\/wp\/v2\/categories?post=32723"},{"taxonomy":"post_tag","embeddable":true,"href":"https:\/\/infovera.com.ar\/web\/wp-json\/wp\/v2\/tags?post=32723"}],"curies":[{"name":"wp","href":"https:\/\/api.w.org\/{rel}","templated":true}]}}