{"id":32684,"date":"2022-03-10T15:43:11","date_gmt":"2022-03-10T18:43:11","guid":{"rendered":"https:\/\/infovera.com.ar\/web\/?p=32684"},"modified":"2022-03-10T15:43:11","modified_gmt":"2022-03-10T18:43:11","slug":"paritarias-2022-amra-intimo-al-gobierno-provincial-a-que-convoque-a-una-nueva-reunion","status":"publish","type":"post","link":"https:\/\/infovera.com.ar\/web\/2022\/03\/10\/paritarias-2022-amra-intimo-al-gobierno-provincial-a-que-convoque-a-una-nueva-reunion\/","title":{"rendered":"Paritarias 2022: AMRA intim\u00f3 al gobierno provincial a que convoque a una nueva reuni\u00f3n"},"content":{"rendered":"<p><strong>El Sindicato de M\u00e9dicos de la Rep\u00fablica Argentina (AMRA) Seccional Santa Fe inform\u00f3 que el d\u00eda de la fecha ha presentado una intimaci\u00f3n<\/strong> a las autoridades del Gobierno Provincial para que en el plazo de 48 horas convoque a reuni\u00f3n paritaria para continuar con la negociaci\u00f3n salarial del corriente a\u00f1o.<\/p>\n<p>En caso de que en las pr\u00f3ximas 48 horas no haya llegado la convocatoria oficial se tomar\u00e1n medidas gremiales.<\/p>\n","protected":false},"excerpt":{"rendered":"<p>El Sindicato de M\u00e9dicos de la Rep\u00fablica Argentina (AMRA) Seccional Santa Fe inform\u00f3 que el d\u00eda de la fecha ha presentado una intimaci\u00f3n a las autoridades del Gobierno Provincial para que en el plazo de 48 horas convoque a reuni\u00f3n paritaria para continuar con la negociaci\u00f3n salarial del corriente a\u00f1o. En caso de que en [&hellip;]<\/p>\n","protected":false},"author":3,"featured_media":0,"comment_status":"closed","ping_status":"closed","sticky":false,"template":"","format":"standard","meta":{"_joinchat":[],"footnotes":""},"categories":[66],"tags":[],"class_list":{"0":"post-32684","1":"post","2":"type-post","3":"status-publish","4":"format-standard","6":"category-politica"},"_links":{"self":[{"href":"https:\/\/infovera.com.ar\/web\/wp-json\/wp\/v2\/posts\/32684","targetHints":{"allow":["GET"]}}],"collection":[{"href":"https:\/\/infovera.com.ar\/web\/wp-json\/wp\/v2\/posts"}],"about":[{"href":"https:\/\/infovera.com.ar\/web\/wp-json\/wp\/v2\/types\/post"}],"author":[{"embeddable":true,"href":"https:\/\/infovera.com.ar\/web\/wp-json\/wp\/v2\/users\/3"}],"replies":[{"embeddable":true,"href":"https:\/\/infovera.com.ar\/web\/wp-json\/wp\/v2\/comments?post=32684"}],"version-history":[{"count":0,"href":"https:\/\/infovera.com.ar\/web\/wp-json\/wp\/v2\/posts\/32684\/revisions"}],"wp:attachment":[{"href":"https:\/\/infovera.com.ar\/web\/wp-json\/wp\/v2\/media?parent=32684"}],"wp:term":[{"taxonomy":"category","embeddable":true,"href":"https:\/\/infovera.com.ar\/web\/wp-json\/wp\/v2\/categories?post=32684"},{"taxonomy":"post_tag","embeddable":true,"href":"https:\/\/infovera.com.ar\/web\/wp-json\/wp\/v2\/tags?post=32684"}],"curies":[{"name":"wp","href":"https:\/\/api.w.org\/{rel}","templated":true}]}}