{"id":32673,"date":"2022-03-10T14:49:18","date_gmt":"2022-03-10T17:49:18","guid":{"rendered":"https:\/\/infovera.com.ar\/web\/?p=32673"},"modified":"2022-03-10T14:54:39","modified_gmt":"2022-03-10T17:54:39","slug":"vallejos-dijo-con-acciones-y-proyecto-reconquista-afianzara-el-liderazgo-regional","status":"publish","type":"post","link":"https:\/\/infovera.com.ar\/web\/2022\/03\/10\/vallejos-dijo-con-acciones-y-proyecto-reconquista-afianzara-el-liderazgo-regional\/","title":{"rendered":"Vallejos dijo que con acciones y proyectos Reconquista afianzar\u00e1 el liderazgo regional"},"content":{"rendered":"<p><strong>El intendente Dr. Amadeo Enrique Vallejos dio inicio formal, en la ma\u00f1ana del jueves 10 de marzo, al periodo de sesiones ordinarias en el Concejo Municipal de Reconquista, donde brind\u00f3 su informe de gesti\u00f3n anual.<\/strong><\/p>\n<p>\u201cNos encontramos hoy en este sano h\u00e1bito democr\u00e1tico para la apertura de las sesiones ordinarias del Concejo Municipal de Reconquista, para que nuestros vecinos conozcan nuestras acciones y contin\u00faen afianzando sus derechos de participaci\u00f3n\u201d, destac\u00f3 el Intendente, en una jornada en que \u201ccon gran orgullo podemos afirmar que Reconquista avanza en el desarrollo con numerosas obras claves y mejoras\u201d, constatando \u201cque los anuncios que hemos realizado son hoy una realidad concreta y palpable\u201d.<\/p>\n<p>En ese sentido, agreg\u00f3 que \u201caprovechamos cada oportunidad que se presenta para ejecutar acciones transformadoras y hacer de Reconquista una ciudad mejor, una ciudad moderna de la que cada vecino pueda sentirse orgulloso, con mejor infraestructura, con m\u00e1s opciones, con mayor inclusi\u00f3n y con visi\u00f3n a futuro\u201d.<\/p>\n<p>El Intendente Municipal expres\u00f3 que \u201cpese a las adversidades, hemos dado respuesta inmediata y mancomunada desde todas las \u00e1reas del Municipio\u201d, con la \u201cfortaleza, la solidaridad y el empuje que definen a Reconquista y sus habitantes\u201d, para que \u201cel orgullo de vivir en nuestra ciudad se acreciente en cada uno de nosotros, para lo cual esperamos que Ejecutivo, Legislativo y ciudadanos avancemos comprometidos con esa visi\u00f3n\u201d, con una gesti\u00f3n que se basa en los pilares de la institucionalidad, la participaci\u00f3n ciudadana y la transparencia.<\/p>\n<p><strong>Respuesta a la pandemia<\/strong><\/p>\n<p>\u201cNuestros esfuerzos se caracterizaron por dar atenci\u00f3n inmediata en todas las \u00e1reas relacionadas con la pandemia que nos atraviesa, cuidando a los vecinos de nuestra ciudad y regi\u00f3n desde un aspecto integral que va desde atenci\u00f3n m\u00e9dica, prevenci\u00f3n, contenci\u00f3n y reactivaci\u00f3n econ\u00f3mica\u201d, detall\u00f3 el Dr. Amadeo Enrique Vallejos, para lo cual enumer\u00f3 la readecuaci\u00f3n del viejo Hospital Reconquista con inversi\u00f3n municipal, la instalaci\u00f3n de un centro estrat\u00e9gico de hisopados gratuitos, Operativos Detectar, call center propio para seguimiento de contactos estrechos y contenci\u00f3n de personas contagiadas de Covid \u2013 19, colaboraci\u00f3n de 150 empleados municipales en el Plan de Vacunaci\u00f3n m\u00e1s grande de la historia para llegar a cada vecino, \u201clogrando este objetivo en tiempo r\u00e9cord y siendo ejemplo en gesti\u00f3n de la pandemia a nivel nacional\u201d, remarc\u00f3.<\/p>\n<p>\u201cReconquista ha sido pionera en tomar medidas de orden tributario que tuvieron como fin acompa\u00f1ar a los contribuyentes en los momentos m\u00e1s cr\u00edticos de la pandemia\u201d, resalt\u00f3 el Intendente Dr. Amadeo Enrique Vallejos, para lo cual se implement\u00f3 el congelamiento de m\u00ednimos, exenciones impositivas, asistencia a actividades comerciales, productivas, deportivas y educativas, bajando impuestos para la reactivaci\u00f3n econ\u00f3mica y siendo \u201cla primera ciudad en establecer un beneficio tributario a todas las nuevas actividades econ\u00f3micas, eximiendo por el t\u00e9rmino de hasta dos a\u00f1os en el DREI a los nuevos contribuyentes\u201d.<\/p>\n<p><strong>Fortalecimiento social<\/strong><\/p>\n<p>El Intendente Municipal manifest\u00f3 que \u201cla comunidad es el centro de nuestro accionar y nuestro deber es impulsar una sociedad empoderada, con posibilidades, con desarrollo y compromiso de transformaci\u00f3n\u201d. Con ese objetivo, \u201cseguimos impulsando la cultura y el deporte\u201d con m\u00faltiples actividades y disciplinas, reconocimiento a los ganadores del San Jer\u00f3nimo del Rey con la inauguraci\u00f3n del Paseo Dorado, acompa\u00f1amiento a clubes, cooperativas y pymes culturales, festivales populares en espacios p\u00fablicos, una semana de eventos por los 100 a\u00f1os de la declaraci\u00f3n de Reconquista como ciudad, Gala L\u00edrica en el Teatro Espa\u00f1ol con la participaci\u00f3n del Coro Polif\u00f3nico Municipal y sede del pre Cosqu\u00edn, \u201corgullosos de nuestra delegaci\u00f3n que particip\u00f3 de la fase final desplegando su arte y talento\u201d.<\/p>\n<p>\u201cPusimos en funciones la Oficina Municipal de Relaciones Institucionales, en el marco de un convenio firmado con la Inspecci\u00f3n General de Personas Jur\u00eddicas de la Provincia de Santa Fe\u201d, subray\u00f3, \u201casesorando a asociaciones para que obtengan su personer\u00eda jur\u00eddica\u201d, para lo cual se gestiona \u201cla instalaci\u00f3n en Reconquista de la Delegaci\u00f3n Norte de la IGPJ\u201d.<\/p>\n<p>\u201cQueremos recuperar espacios para que los vecinos los hagan propios\u201d, mencion\u00f3 el Dr. Amadeo Enrique Vallejos, con la construcci\u00f3n en el Camping Ychimaye de un nuevo Polideportivo Municipal, ejecuci\u00f3n del Parque Paseo del Bicentenario con anfiteatro y paseo gastron\u00f3mico, inicio de la primera etapa del Parque Lineal Metropolitano y forestaci\u00f3n del Parque del Centenario, m\u00e1s \u201cla remodelaci\u00f3n y el mantenimiento de los espacios verdes en todos los barrios\u201d.<\/p>\n<p>El Intendente enfatiz\u00f3 que \u201c concebimos a las personas como el centro del desarrollo, con esa premisa buscamos promover su potencial y el aumento de sus posibilidades\u201d, con la implementaci\u00f3n de programas y espacios para primera infancia, \u00c1rea de Pol\u00edticas Juveniles, \u00c1reas de G\u00e9nero y Diversidad, espacios, programas e inclusi\u00f3n digital para personas mayores y pol\u00edticas destinadas a personas con discapacidad, con especial menci\u00f3n a \u201cla puesta en marcha del \u00c1rea de Prevenci\u00f3n de Consumos Problem\u00e1ticos, que merece la atenci\u00f3n y el involucramiento de todos\u201d, con un espacio f\u00edsico de contenci\u00f3n y ayuda como el Centro de Atenci\u00f3n y Prevenci\u00f3n de Consumos Problem\u00e1ticos.<\/p>\n<p>\u201cLa educaci\u00f3n y capacitaci\u00f3n son ejes de un futuro mejor para todos\u201d, destac\u00f3, desarrollando talleres de oficios, convenios por intermedio de la Escuela de Capacitaci\u00f3n Municipal para la participaci\u00f3n de alumnos en la Tecnicatura Universitaria en Ciudades Inteligentes de la UTN, aporte del Gobierno Nacional para la adquisici\u00f3n de equipamiento dirigido a crear un \u00e1rea de promoci\u00f3n para disciplinas pertenecientes a la Industria 4.0, apoyo escolar, Punto Digital, Feria de las Carreras, entrega del Fondo de Asistencia Educativa y Fondo de Financiamiento Educativo para infraestructura, equipamiento, materiales y servicios educativos, Becas Estudiantiles para la igualdad de oportunidades, articulaci\u00f3n con la Provincia de Santa Fe en la implementaci\u00f3n del Boleto Educativo Gratuito y Boleto Educativo Rural, becas para agentes municipales en coordinaci\u00f3n con SITRAM y convenio con la Asociaci\u00f3n Civil \u201cLas Manos Hablan\u201d con el prop\u00f3sito de realizar cursos de formaci\u00f3n en lengua de se\u00f1as, \u201cestableciendo un sistema de becas para los y las agentes municipales que realicen esta importante formaci\u00f3n\u201d, acciones llevadas adelante \u201cgracias a un equipo interdisciplinario para colaborar en la garant\u00eda de una educaci\u00f3n inclusiva, equitativa y de calidad\u201d, que \u201cpromueva las oportunidades de aprendizaje\u201d.<\/p>\n<p>\u201cQue todos participen y tengan oportunidad de desarrollo es la premisa para hacer una ciudad mejor\u201d, acentu\u00f3 el Intendente Dr. Amadeo Enrique Vallejos, es por ello que se avanz\u00f3 en la construcci\u00f3n del Mercado Social y Solidario para trabajadores de la econom\u00eda social, el acceso a microcr\u00e9ditos, Banco Solidario y mejoramiento habitacional, la consolidaci\u00f3n de los Talleres de Planificaci\u00f3n Participativa y las Mesas de Gesti\u00f3n Barrial, distinguiendo la importancia de la \u201cadquisici\u00f3n de 40 hect\u00e1reas para la instalaci\u00f3n de un nuevo Polo Industrial en nuestra ciudad, cumpliendo con una demanda hist\u00f3rica del sector empresarial para generar m\u00e1s fuentes de trabajo genuino para nuestros ciudadanos\u201d, lo que se suma al logro de \u201cescriturar las tierras del Distrito de Industrias y Talleres, gracias al compromiso de todas las partes involucradas y el acompa\u00f1amiento un\u00e1nime del Concejo Municipal\u201d, convencidos de su competitividad y del potencial de Reconquista para ser el motor del desarrollo del Norte Santafesino.<\/p>\n<p><strong>Inversi\u00f3n p\u00fablica<\/strong><\/p>\n<p>El Intendente Municipal destac\u00f3 que \u201cReconquista avanza con un desarrollo hist\u00f3rico que mejora la calidad de vida de sus ciudadanos y la convierte en referencia absoluta del Norte de la Provincia\u201d.<\/p>\n<p>Expres\u00f3 que \u201csabemos que a veces la ejecuci\u00f3n de las etapas de obras puede generar cierta incomodidad\u201d, por lo que \u201cvaloramos enormemente el acompa\u00f1amiento y la paciencia de nuestra comunidad, ya que una vez que la mejora concluya obtendr\u00e1 m\u00e1s beneficios, m\u00e1s servicios, va a poder disfrutar cada espacio y valorizar su lugar\u201d. En ese marco, record\u00f3 \u201cel convenio firmado con la UTN para el control de calidad de la obra p\u00fablica\u201d y anunci\u00f3 que \u201choy pongo a consideraci\u00f3n de este Cuerpo un Proyecto de Ordenanza creando una Comisi\u00f3n de Control y Monitoreo de la Obra P\u00fablica\u201d, con la participaci\u00f3n de todos los bloques de Concejales en el proyecto, llamado a licitaci\u00f3n, adjudicaci\u00f3n y ejecuci\u00f3n.<\/p>\n<p>El Dr. Amadeo Enrique Vallejos resalt\u00f3 que \u201cReconquista se est\u00e1 transformando con mejores accesos, nuevos drenajes, cloacas, sendas seguras, mayores servicios de agua y gas, veredas comunitarias, iluminaci\u00f3n en barrios y nuevos lugares de esparcimiento\u201d, obras \u201cclaves e hist\u00f3ricas que sin duda alguna est\u00e1n cambiando la realidad de la ciudad\u201d.<\/p>\n<p>\u201cLa planificaci\u00f3n estrat\u00e9gica es la base de toda pol\u00edtica p\u00fablica exitosa y, acompa\u00f1ada de la acci\u00f3n y el cumplimiento de esos objetivos, hoy podemos asumir orgullosos que nuestras propuestas presentadas en anteriores aperturas se ven materializadas ante la comunidad toda\u201d:<\/p>\n<p>\u2022 Plan Director de Drenaje Pluvial: \u201ciniciamos la primera etapa en la que se ver\u00e1n beneficiados 40.000 vecinos de 900 hect\u00e1reas de la ciudad, instalando un sistema de drenajes constituido por un conjunto de conductos troncales de gran capacidad, que captan los escurrimientos generados por las lluvias de alta intensidad en sus respectivas cuencas, sobre las \u00e1reas urbanizadas con d\u00e9ficit de escurrimiento\u201d.<\/p>\n<p>\u2022 Agua potable: \u201choy todo el sector Norte, Este y Oeste de la ciudad ya cuenta con el servicio, seguimos avanzando hacia el sector Sur de la ciudad. Cuando funcione la nueva Planta de Impulsi\u00f3n que el Gobernador Omar Perotti decidi\u00f3 construir, podemos llegar en el corto tiempo con el servicio al 90% de toda la poblaci\u00f3n y en una segunda etapa cubrir el 100%\u201d.<\/p>\n<p>\u2022 Cloacas: &#8220;asistimos a todo el sector Oeste, Este y Norte, expandimos el servicio hacia el sector Sur. Pr\u00f3ximamente se construir\u00e1 la Planta Depuradora de Efluentes Cloacales, una obra que se espera desde hace m\u00e1s de 50 a\u00f1os, esto nos posibilitar\u00e1 expandir el servicio al 100 % de la poblaci\u00f3n urbana\u201d.<\/p>\n<p>\u2022 GNEA: \u201cavanza la conexi\u00f3n de Reconquista a la red del Gasoducto del Noreste Argentino, una obra emblem\u00e1tica para bajar los costos en los domicilios en el uso del gas natural, pero tambi\u00e9n para que las empresas puedan tener un insumo que en su matriz energ\u00e9tica y de consumo les permita competir\u201d.<\/p>\n<p>\u2022 Centro C\u00edvico Reconquista: espacio de car\u00e1cter p\u00fablico, con entidades municipales, provinciales y nacionales en terrenos donde funcionaba el viejo Hospital Reconquista. La propiedad municipal del edificio permite ofrecer servicios de distintos estamentos, con ahorro en alquileres y de mantenimiento.<\/p>\n<p>En la continuidad del repaso por obras y proyectos que hacen crecer a Reconquista, el Intendente Municipal mencion\u00f3 el mejoramiento de calzada de calles internas del Complejo Cultural La Estaci\u00f3n, la construcci\u00f3n de Bv. Independencia en una primera etapa desde Yrigoyen a San Lorenzo, sendas seguras desde barrio Don Carlos a Parque Sur, intervenci\u00f3n integral en Plaza 25 de Mayo, el nuevo acceso al Parque Industrial por el sector Norte con calzada de hormig\u00f3n para tr\u00e1nsito pesado, el plan de pavimento m\u00e1s importante de la historia de la ciudad con m\u00e1s de 300 cuadras pavimentadas desde el inicio de la gesti\u00f3n, iluminaci\u00f3n led en calles, plazas y espacios p\u00fablicos, infraestructura de iluminaci\u00f3n en Guadalupe Oeste y Guadalupe Sur, remodelaci\u00f3n de oficinas municipales para mejor atenci\u00f3n, espacio propio para la Radio Municipal, entre otras.<\/p>\n<p>\u201cAsumimos el compromiso junto al Gobierno Provincial de Omar Perotti de que las obras que le sirven a la gente y que son estrat\u00e9gicas para nuestra regi\u00f3n se ejecuten\u201d, a\u00f1adi\u00f3 el Intendente Dr. Amadeo Enrique Vallejos, \u201ccon la decisi\u00f3n de concluir la obra del Profesorado \u00c1ngel C\u00e1rcano, que tuvo su inauguraci\u00f3n en nuestra gesti\u00f3n, pero es un proyecto que se inici\u00f3 en otra\u201d, con el objetivo central de \u201cinstalar a Reconquista como Polo Educativo Regional\u201d.<\/p>\n<p>Esto se suma a iniciativas como la gesti\u00f3n del edificio propio de la Cocina Centralizada cuya obra ser\u00e1 ejecutada y terminada este a\u00f1o, la construcci\u00f3n de un sistema de defensas contra las inundaciones en Puerto Reconquista, la construcci\u00f3n junto a los gobiernos provincial y nacional del Complejo Tur\u00edstico en la Isla La Fuente que representa el coraz\u00f3n de nuestro Jaaukanig\u00e1s. En ese sentido, en la b\u00fasqueda de fomentar la inversi\u00f3n privada en el turismo local, se adquirieron 54 hect\u00e1reas en Puerto Reconquista, donde se construye la infraestructura necesaria para poner a disposici\u00f3n lotes a la orilla del San Javier para el desarrollo de complejos de caba\u00f1as, siempre respetando los est\u00e1ndares de desarrollo amigables con el entorno natural.<\/p>\n<p>Acompa\u00f1ando el progreso de nuestra ciudad, el Intendente detall\u00f3 el acceso y estacionamiento del nuevo Hospital Central de Reconquista, el ensanche del Bv. Per\u00f3n con senda segura, la ampliaci\u00f3n de Bv. Lovatto entre Chacabuco y Rossi, mejoramiento de calzadas naturales en m\u00e1s de mil cuadras y ejecuci\u00f3n del acceso al nuevo Palacio de Justicia de Reconquista, gestionando la obtenci\u00f3n del antiguo edificio para el Municipio.<\/p>\n<p>En cuanto a la optimizaci\u00f3n de la prestaci\u00f3n de servicios p\u00fablicos, el Intendente enumer\u00f3 \u201cla compra mediante el sistema de leasing de dos camiones con caja compactadora, un cami\u00f3n con barredora aspiradora y un cami\u00f3n con caja volcadora por la suma de $60.000.000 financiados por el BICE\u201d, que se suman a maquinarias e implementos adquiridos recientemente en el marco del Plan de Capitalizaci\u00f3n Municipal.<\/p>\n<p><strong>Modernizaci\u00f3n<\/strong><\/p>\n<p>\u201cContinuamos modernizando la administraci\u00f3n municipal para facilitar todo tipo de gestiones\u201d, en coordinaci\u00f3n con la Direcci\u00f3n Nacional de Implementaci\u00f3n Digital Territorial y de la Subsecretar\u00eda de Innovaci\u00f3n Administrativa de la Naci\u00f3n, \u201cpara definir la implementaci\u00f3n del sistema de Plataforma Integral de Gesti\u00f3n Digital Electr\u00f3nica\u201d, con lo que se iniciar\u00e1 este camino de modernizaci\u00f3n y despapelizaci\u00f3n en tr\u00e1mites como Licencia Anual Ordinaria, Exenci\u00f3n en el Pago de TGI y la Exenci\u00f3n de Pago de la Licencia de Conducir, \u201ccapacitando a todas las \u00e1reas administrativas para avanzar en la aplicaci\u00f3n de esta propuesta\u201d.<\/p>\n<p>En la l\u00ednea de herramientas tecnol\u00f3gicas integrales, detall\u00f3 la implementaci\u00f3n en Reconquista de la Tarjeta SUBE para simplificar y mejorar el acceso al transporte p\u00fablico, el Sistema Integral de Gesti\u00f3n de la Informaci\u00f3n de Seguridad Vial para la carga y elaboraci\u00f3n de reportes, la modificaci\u00f3n de los sistemas de emisi\u00f3n de TGI, bot\u00f3n de pago online, notificaciones con c\u00f3digo de barras, digesto interno, sistema de microcr\u00e9ditos, cuota fija y estad\u00edsticas del FOPIN, programa de datos para la Caja de Jubilaciones Municipal, creaci\u00f3n del programa de emisi\u00f3n de boleta supletoria para compensar la TGI urbana, plataforma de tramites online para realizar renovaciones de profesionales t\u00e9cnicos, pedido de antecedentes, visaciones previas, ingreso de expedientes y pedido de final de obra, como as\u00ed tambi\u00e9n la digitalizaci\u00f3n del archivo de obras particulares, trabajando en el proyecto de tendido de fibra \u00f3ptica para seguridad, salud y educaci\u00f3n en barrios populares, \u201cen colaboraci\u00f3n con el Ente Nacional de Comunicaciones\u201d.<\/p>\n<p><strong>Pol\u00edticas P\u00fablicas para el Desarrollo<\/strong><\/p>\n<p>El intendente Dr. Amadeo Enrique Vallejos destac\u00f3 que \u201cdesde esta gesti\u00f3n siempre trabajamos en la construcci\u00f3n de pol\u00edticas p\u00fablicas para el desarrollo de nuestra ciudad, asumiendo la decisi\u00f3n de avanzar en el mejoramiento del h\u00e1bitat, el acceso a los servicios p\u00fablicos, la mejora y ampliaci\u00f3n del equipamiento social y comunitario, la accesibilidad, la conectividad y el saneamiento\u201d.<\/p>\n<p>\u201cPlanificamos, gestionamos y ejecutamos acciones para obtener un resultado: una mejor calidad de vida para Reconquista\u201d, manifest\u00f3. En ese sentido, enumer\u00f3 proyectos, licitaciones y obras gestionadas:<br \/>\n\u2022 Proyecto urban\u00edstico y de infraestructura que forma parte de un plan especial para la Zona Oeste de Reconquista.<br \/>\n\u2022 Proyecto urban\u00edstico y de infraestructura para 200 viviendas en lotes municipales, avanzando con la regularizaci\u00f3n dominial de tierras.<br \/>\n\u2022 Cord\u00f3n cuneta y ripio para calle Iturraspe.<br \/>\n\u2022 Recambio ca\u00f1er\u00eda de agua en calle Iturraspe.<br \/>\n\u2022 Pavimento, iluminaci\u00f3n, se\u00f1alizaci\u00f3n y arbolado en calle Espa\u00f1a, desde calle Olessio hasta calle Amen\u00e1bar.<br \/>\n\u2022 Pavimento, desag\u00fces y obras complementarias en el Bv. Laura Devetach, con 300 metros de obra en su primera etapa.<br \/>\n\u2022 FOCOM 2019 &#8211; Repavimentaci\u00f3n calle N\u00b0 47 Islas Malvinas &#8211; entre calle Fray A. Rossi y calle Pte. Roca.<br \/>\n\u2022 FOCOM 2019 \u2013 Obra de Iluminaci\u00f3n para Barrio Lanceros del Sauce.<br \/>\n\u2022 FOCOM 2020 \u2013 Entubado Norte del Bv. Lovatto entre calle Belgrano y calle Chacabuco.<br \/>\n\u2022 Plan Incluir 2020 &#8211; accesibilidad a barrios &#8211; se gestion\u00f3 cord\u00f3n cuneta y asfalto en fr\u00edo que se llevar\u00e1 a cabo en su primera etapa en barrios 136 Viviendas &#8211; 314 Viviendas &#8211; 374 Viviendas.<br \/>\n\u2022 Plan incluir 2021 &#8211; accesibilidad a barrios \u2013 se gestion\u00f3 cord\u00f3n cuneta y asfalto en fr\u00edo en los barrios La Cortada, Ombusal, Unidos y Martelossi.<br \/>\n\u2022 Ensanche Bv. Per\u00f3n, bicisenda, desag\u00fces, se\u00f1al\u00e9tica vertical y horizontal en su segunda etapa, desde Calle N\u00b0 44 hasta Calle N\u00b0 68.<br \/>\n\u2022 Proyecto de Infraestructura de agua, cloaca y electricidad para el Plan Especial Zona Oeste.<br \/>\n\u2022 Proyecto de conexiones intra lotes de agua y cloaca para los barrios Guadalupe, Luj\u00e1n y Nuevo Luj\u00e1n.<br \/>\n\u2022 PROMEBA 5 &#8211; Proyecto de Infraestructura para el Distrito Puerto Reconquista.<br \/>\n\u2022 Conexi\u00f3n a red de agua potable para el edificio del Profesorado \u00c1ngel C\u00e1rcano y Conexi\u00f3n a red de agua potable y red de cloacas para el edificio de la UNL, en un trabajo coordinado con Aguas Santafesinas.<br \/>\n\u2022 Pavimentaci\u00f3n, desag\u00fces e iluminaci\u00f3n en Bv. Independencia y \u00e1rea de influencia.<br \/>\n\u2022 Proyecto de infraestructura de electrificaci\u00f3n e iluminaci\u00f3n de loteo a consolidar en el Plan Especial Zona Oeste.<br \/>\n\u2022 Centro de Desarrollo de Primera Infancia en barrio Lanceros del Sauce.<br \/>\n\u2022 Edificio para el Centro de Acci\u00f3n Familiar N\u00b01.<br \/>\n\u2022 Construcci\u00f3n del Centro de Salud en barrio La Cortada.<br \/>\n\u2022 Refugio para Adultos Mayores.<br \/>\n\u2022 Punto Violeta, espacio que favorecer\u00e1 el acceso a los programas, iniciativas y pol\u00edticas p\u00fablicas del Ministerio de Igualdad, G\u00e9nero y Diversidad.<br \/>\n\u2022 Remodelaci\u00f3n del Club Na\u00fatico Reconquista, proyecto de revalorizaci\u00f3n y la solicitud de financiamiento.<br \/>\n\u2022 Puesta en valor de plazas urbanas, que forman parte de un programa municipal de inversi\u00f3n gestionado ante PROMUDI.<br \/>\n\u2022 Paseo Comercial a cielo abierto en calle Patricio Diez, el objetivo del mismo ser\u00e1 aumentar la puesta en valor de los comercios, remodelando y mejorando los espacios p\u00fablicos que se encuentran a la vera de dicha calle, desde Plaza 25 de Mayo hasta la Terminal de \u00d3mnibus.<br \/>\n\u2022 Instalaci\u00f3n de un Estadio Cubierto, para permitir la pr\u00e1ctica de m\u00faltiples disciplinas deportivas. Este emprendimiento cumplir\u00e1 funciones de auditorio para toda la comunidad de la regi\u00f3n, con una capacidad aproximada para 3.000 personas.<br \/>\n\u2022 Cancha de hockey de c\u00e9sped sint\u00e9tico que contempla todas las exigencias reglamentarias para partidos internacionales.<br \/>\n\u2022 Gesti\u00f3n ante Vialidad Nacional el llamado a licitaci\u00f3n para la elaboraci\u00f3n del Proyecto de Ensanche del puente en la Ruta N\u00b0 11, sobre el arroyo El Rey.<br \/>\n\u2022 Actualizaci\u00f3n del proyecto de la obra de Circunvalaci\u00f3n Reconquista-Avellaneda y del Puente Reconquista-Avellaneda-Goya-Lavalle, para que sean incorporados en la agenda de obras nacionales.<br \/>\n\u2022 Instalaci\u00f3n de una Pista de Atletismo sint\u00e9tica, categor\u00eda \u201cA1\u201d para la pr\u00e1ctica del alto rendimiento deportivo, donde se podr\u00e1n organizar competencias de car\u00e1cter local, regional, nacional e internacional.<br \/>\n\u2022 Propuesta de reordenamiento y ubicaci\u00f3n de carribares en espacios p\u00fablicos.<br \/>\n\u2022 Proyecto Parque del Centenario.<br \/>\n\u2022 Avance de las obras contempladas en el proyecto Caminos de la Ruralidad, para favorecer el arraigo en el medio rural.<br \/>\n\u2022 Acondicionamiento y puesta en valor del Museo Hist\u00f3rico y del Museo de Arte Municipales.<br \/>\n\u2022 La disposici\u00f3n de una senda segura desde el puente sobre el arroyo El Rey hasta Puerto Reconquista, con sistema de iluminaci\u00f3n led en la ruta y la senda.<br \/>\n\u2022 Para contribuir al mejoramiento de la calidad ambiental mediante un eficiente control, se presentar\u00e1 un Proyecto de Efluentes Industriales.<br \/>\n\u2022 Gesti\u00f3n para el retorno de la conexi\u00f3n a\u00e9rea para Reconquista.<\/p>\n<p><strong>Afianzar el liderazgo regional<\/strong><\/p>\n<p>Vallejos agradeci\u00f3 \u201ca todos los integrantes del Concejo Municipal, que han posibilitado la sanci\u00f3n de normas fundamentales para el buen funcionamiento del Gobierno\u201d, a \u201clos empleados municipales quienes contribuyen d\u00eda a d\u00eda en la proyecci\u00f3n, puesta en marcha y resoluci\u00f3n de los logros enunciados\u201d, y a \u201clos miembros del Gabinete por la dedicaci\u00f3n para sobrellevar cada uno de los desaf\u00edos que se presentan\u201d. Asimismo, reconoci\u00f3 \u201cla importancia de los medios de prensa, que contribuyen a la difusi\u00f3n de los temas que nos ocupan como sociedad y son los canales de comunicaci\u00f3n permanente entre la gesti\u00f3n municipal y los vecinos\u201d.<\/p>\n<p>\u201cEste es un a\u00f1o de materializaci\u00f3n de acciones y proyectos que van a transformar \u00edntegramente nuestra ciudad, afianzando el liderazgo regional de la misma con una proyecci\u00f3n nunca antes imaginada\u201d, expres\u00f3, con el gran objetivo de \u201cgenerar trabajo y ofrecer las condiciones \u00f3ptimas que permitan la inversi\u00f3n privada para que se cumpla con esa premisa\u201d, con una visi\u00f3n \u201cproductivista en materia de industria cultural, del turismo y del conocimiento\u201d.<\/p>\n<p>En ese sentido, el Intendente Municipal resalt\u00f3 que \u201cdespu\u00e9s de 50 a\u00f1os estamos nuevamente comprometidos en generar un nuevo Parque Industrial, con proyectos concretos que faciliten la radicaci\u00f3n y consolidaci\u00f3n de nuevas industrias\u201d. \u201cPor eso, y convencido en que debemos darle un mayor impulso y relevancia pol\u00edtica, he ordenado que se tomen las medidas normativas necesarias para que la Sub Secretar\u00eda de la Producci\u00f3n pase a dependencia directa de la Secretar\u00eda General\u201d, anunci\u00f3.<\/p>\n<p>En v\u00edsperas del 150 aniversario de la fundaci\u00f3n de Reconquista, el Intendente convoc\u00f3 a los Concejales a \u201cm\u00e1s all\u00e1 de las diferencias partidarias y de criterios, estar m\u00e1s unidos que nunca, con aportes constructivos, trabajando para superar los momentos dif\u00edciles y edificar entre todos la Reconquista que queremos\u201d, informando la presentaci\u00f3n de un Proyecto de Ordenanza para la creaci\u00f3n \u201cde una Mesa Permanente de Dialogo Pol\u00edtico e Institucional, que formalice un espacio de discusi\u00f3n y generaci\u00f3n de Pol\u00edticas de Estado que trasciendan la visi\u00f3n partidaria o parcial\u201d, convencido \u201cde que a esta querida ciudad la seguimos haciendo m\u00e1s grande, m\u00e1s linda, si trabajamos todos juntos\u201d.<\/p>\n<p>\u201cConf\u00edo en que la participaci\u00f3n de los vecinos contin\u00fae para que sigamos haciendo lo que nuestra ciudad necesita, pido a Dios que nos siga acompa\u00f1ando y cada d\u00eda renueve nuestra esperanza, nos de fuerzas, ideas y nos permita seguir trabajando en pos de nuestra ciudad, que es la ciudad de todos, porque todos somos Reconquista\u201d, finaliz\u00f3.<\/p>\n","protected":false},"excerpt":{"rendered":"<p>El intendente Dr. Amadeo Enrique Vallejos dio inicio formal, en la ma\u00f1ana del jueves 10 de marzo, al periodo de sesiones ordinarias en el Concejo Municipal de Reconquista, donde brind\u00f3 su informe de gesti\u00f3n anual. \u201cNos encontramos hoy en este sano h\u00e1bito democr\u00e1tico para la apertura de las sesiones ordinarias del Concejo Municipal de Reconquista, [&hellip;]<\/p>\n","protected":false},"author":3,"featured_media":32674,"comment_status":"closed","ping_status":"closed","sticky":false,"template":"","format":"standard","meta":{"_joinchat":[],"footnotes":""},"categories":[55],"tags":[],"class_list":{"0":"post-32673","1":"post","2":"type-post","3":"status-publish","4":"format-standard","5":"has-post-thumbnail","7":"category-reconquista"},"_links":{"self":[{"href":"https:\/\/infovera.com.ar\/web\/wp-json\/wp\/v2\/posts\/32673","targetHints":{"allow":["GET"]}}],"collection":[{"href":"https:\/\/infovera.com.ar\/web\/wp-json\/wp\/v2\/posts"}],"about":[{"href":"https:\/\/infovera.com.ar\/web\/wp-json\/wp\/v2\/types\/post"}],"author":[{"embeddable":true,"href":"https:\/\/infovera.com.ar\/web\/wp-json\/wp\/v2\/users\/3"}],"replies":[{"embeddable":true,"href":"https:\/\/infovera.com.ar\/web\/wp-json\/wp\/v2\/comments?post=32673"}],"version-history":[{"count":0,"href":"https:\/\/infovera.com.ar\/web\/wp-json\/wp\/v2\/posts\/32673\/revisions"}],"wp:featuredmedia":[{"embeddable":true,"href":"https:\/\/infovera.com.ar\/web\/wp-json\/wp\/v2\/media\/32674"}],"wp:attachment":[{"href":"https:\/\/infovera.com.ar\/web\/wp-json\/wp\/v2\/media?parent=32673"}],"wp:term":[{"taxonomy":"category","embeddable":true,"href":"https:\/\/infovera.com.ar\/web\/wp-json\/wp\/v2\/categories?post=32673"},{"taxonomy":"post_tag","embeddable":true,"href":"https:\/\/infovera.com.ar\/web\/wp-json\/wp\/v2\/tags?post=32673"}],"curies":[{"name":"wp","href":"https:\/\/api.w.org\/{rel}","templated":true}]}}