{"id":32605,"date":"2022-03-09T14:00:17","date_gmt":"2022-03-09T17:00:17","guid":{"rendered":"https:\/\/infovera.com.ar\/web\/?p=32605"},"modified":"2022-03-10T15:37:27","modified_gmt":"2022-03-10T18:37:27","slug":"amsafe-exigio-de-manera-urgente-una-nueva-reunion-paritaria","status":"publish","type":"post","link":"https:\/\/infovera.com.ar\/web\/2022\/03\/09\/amsafe-exigio-de-manera-urgente-una-nueva-reunion-paritaria\/","title":{"rendered":"AMSAFE exigi\u00f3 de manera urgente una nueva reuni\u00f3n paritaria"},"content":{"rendered":"<p><strong>Este 9 de marzo el gremio volvi\u00f3 a la Concentraci\u00f3n y Acto Provincial frente al Ministerio de Educaci\u00f3n en la ciudad de Santa Fe.<\/strong><\/p>\n<p>Desde cada lugar de la provincia la docencia santafesina par\u00f3 y se moviliz\u00f3 por:<\/p>\n<p>Aumento Salarial.<br \/>\nMejores condiciones de ense\u00f1ar y de aprender.<br \/>\nMesas de discusi\u00f3n de carrera docente.<br \/>\nDefensa de los niveles y modalidades<br \/>\nResoluci\u00f3n de las problem\u00e1ticas de IAPOS<\/p>\n","protected":false},"excerpt":{"rendered":"<p>Este 9 de marzo el gremio volvi\u00f3 a la Concentraci\u00f3n y Acto Provincial frente al Ministerio de Educaci\u00f3n en la ciudad de Santa Fe. Desde cada lugar de la provincia la docencia santafesina par\u00f3 y se moviliz\u00f3 por: Aumento Salarial. Mejores condiciones de ense\u00f1ar y de aprender. Mesas de discusi\u00f3n de carrera docente. Defensa de [&hellip;]<\/p>\n","protected":false},"author":3,"featured_media":32609,"comment_status":"closed","ping_status":"closed","sticky":false,"template":"","format":"standard","meta":{"_joinchat":[],"footnotes":""},"categories":[66],"tags":[],"class_list":{"0":"post-32605","1":"post","2":"type-post","3":"status-publish","4":"format-standard","5":"has-post-thumbnail","7":"category-politica"},"_links":{"self":[{"href":"https:\/\/infovera.com.ar\/web\/wp-json\/wp\/v2\/posts\/32605","targetHints":{"allow":["GET"]}}],"collection":[{"href":"https:\/\/infovera.com.ar\/web\/wp-json\/wp\/v2\/posts"}],"about":[{"href":"https:\/\/infovera.com.ar\/web\/wp-json\/wp\/v2\/types\/post"}],"author":[{"embeddable":true,"href":"https:\/\/infovera.com.ar\/web\/wp-json\/wp\/v2\/users\/3"}],"replies":[{"embeddable":true,"href":"https:\/\/infovera.com.ar\/web\/wp-json\/wp\/v2\/comments?post=32605"}],"version-history":[{"count":0,"href":"https:\/\/infovera.com.ar\/web\/wp-json\/wp\/v2\/posts\/32605\/revisions"}],"wp:featuredmedia":[{"embeddable":true,"href":"https:\/\/infovera.com.ar\/web\/wp-json\/wp\/v2\/media\/32609"}],"wp:attachment":[{"href":"https:\/\/infovera.com.ar\/web\/wp-json\/wp\/v2\/media?parent=32605"}],"wp:term":[{"taxonomy":"category","embeddable":true,"href":"https:\/\/infovera.com.ar\/web\/wp-json\/wp\/v2\/categories?post=32605"},{"taxonomy":"post_tag","embeddable":true,"href":"https:\/\/infovera.com.ar\/web\/wp-json\/wp\/v2\/tags?post=32605"}],"curies":[{"name":"wp","href":"https:\/\/api.w.org\/{rel}","templated":true}]}}