{"id":32576,"date":"2022-03-09T12:12:38","date_gmt":"2022-03-09T15:12:38","guid":{"rendered":"https:\/\/infovera.com.ar\/web\/?p=32576"},"modified":"2022-03-09T12:12:38","modified_gmt":"2022-03-09T15:12:38","slug":"la-provincia-abre-la-inscripcion-para-participar-de-la-subasta-de-inmuebles-decomisados-a-raiz-de-hechos-delictivos","status":"publish","type":"post","link":"https:\/\/infovera.com.ar\/web\/2022\/03\/09\/la-provincia-abre-la-inscripcion-para-participar-de-la-subasta-de-inmuebles-decomisados-a-raiz-de-hechos-delictivos\/","title":{"rendered":"La provincia abre la inscripci\u00f3n para participar de la subasta de inmuebles decomisados, a ra\u00edz de hechos delictivos"},"content":{"rendered":"<p><strong>Se llevar\u00e1 a cabo el 4 de abril, en el Centro Cultural Provincial, \u201cFrancisco Paco Urondo\u201d, en la ciudad capital. Los interesados podr\u00e1n inscribirse v\u00eda web oficial, del 9 al 16 de marzo.<\/strong><\/p>\n<p>El gobierno provincial, a trav\u00e9s de la Secretar\u00eda de Justicia, abre la inscripci\u00f3n para la subasta de bienes inmuebles decomisados en operativos, a ra\u00edz de hechos delictivos, que se llevar\u00e1 a cabo el pr\u00f3ximo 4 de abril, desde las 14 horas, en el Centro Cultural Provincial, \u201cFrancisco Paco Urondo\u201d, Jun\u00edn 2457, en la ciudad capital. La inscripci\u00f3n deber\u00e1 realizarse, exclusivamente, del 9 al 16 de marzo, en <a href=\"http:\/\/www.santafe.gov.ar\/subasta\">http:\/\/www.santafe.gov.ar\/subasta\u00a0\u00a0<\/a><\/p>\n<p>El d\u00eda de la subasta, organizada por la Agencia Provincial de Registro, Administraci\u00f3n y Destino de Bienes y Derechos Patrimoniales (Aprad), s\u00f3lo ser\u00e1 permitido el ingreso de aquellas personas cuya inscripci\u00f3n v\u00eda web haya sido confirmada con la correspondiente constancia de inscripci\u00f3n, emitida por el sistema. Las acreditaciones ser\u00e1n entregadas a partir de las 12:30 horas.<\/p>\n<p>Al respecto, el secretario de Justicia, Gabriel Somaglia, destac\u00f3 que \u201cque es la primera subasta que se va a realizar en la provincia, de bienes decomisados a personas que pertenecen a empresas narco criminales, y que quedan para el erario p\u00fablico. Creemos que esta forma de venta de estos bienes decomisados constituye una devoluci\u00f3n a la sociedad, como consecuencia de estos delitos\u201d.<\/p>\n<p>Por su parte, el titular de Aprad, Juan Facundo Besson, explic\u00f3 que \u201cla inscripci\u00f3n es v\u00eda web y, para poder participar, es necesario ser argentino, mayor de 18 a\u00f1os; y llenar el formulario, adem\u00e1s de presentar documentaci\u00f3n que avale la posibilidad de participar en la subasta\u201d.<\/p>\n<p>\u201cA diferencia de las otras subastas, se tomar\u00e1n tres oferentes, los cuales deber\u00e1n acompa\u00f1ar, despu\u00e9s de la compra, documentaci\u00f3n referida al Registro Nacional de Reincidencia, a los fines de que estos bienes no vuelvan al circuito criminal\u201d, aclar\u00f3 el funcionario.<\/p>\n<p>Asimismo, Besson inform\u00f3 que \u201clos bienes se encuentran en Rosario, Funes, Roldan y Coronel Bogado\u201d, y que se trata de \u201cun campo, cuatro viviendas, dos cocheras y un departamento. Las bases oscilan entre 60 millones y 300 mil pesos, que es un lote de bienes muebles no registrables; sumadas, dan alrededor de 153 millones de pesos\u201d, adelant\u00f3.<\/p>\n<p>A los fines de garantizar que los potenciales compradores puedan constatar el estado de los lotes de los bienes inmuebles que se publicaron en la web, con bases que van desde los 2 hasta los 60 millones de pesos, se exhibir\u00e1n los d\u00edas 28 y 29 de marzo en el horario que se informar\u00e1 en la web de inscripci\u00f3n.<\/p>\n<p>Cabe destacar que la subasta ha sido planificada conforme todos los protocolos establecidos y respetando el aforo exigido por el contexto de la pandemia del Covid-19, con un cupo de 460 personas.<\/p>\n<p><iframe loading=\"lazy\" title=\"Subastan inmuebles decomisados por hechos delictivos\" width=\"696\" height=\"392\" src=\"https:\/\/www.youtube.com\/embed\/XiRCOxDN9gM?feature=oembed\" frameborder=\"0\" allow=\"accelerometer; autoplay; clipboard-write; encrypted-media; gyroscope; picture-in-picture; web-share\" referrerpolicy=\"strict-origin-when-cross-origin\" allowfullscreen><\/iframe><\/p>\n<p><strong>CONDICIONES PARA PARTICIPAR DE LA SUBASTA<\/strong><\/p>\n<p>Para poder perfeccionar el mecanismo de compra en la subasta, quien haya resultado adjudicatario del lote, deber\u00e1 presentar ante a Aprad, dentro de los 15 d\u00edas h\u00e1biles del remate, la siguiente documentaci\u00f3n habilitante:<\/p>\n<p>&gt;&gt; Informe del Registro Nacional de Reincidencia y Estad\u00edstica Criminal<\/p>\n<p>&gt;&gt; Informe sobre la existencia de Concursos o Quiebras decretadas en la persona del interesado<\/p>\n<p>&gt;&gt; Constancia de Cumplimiento de obligaciones impositivas con relaci\u00f3n a la Administraci\u00f3n Federal de Ingresos P\u00fablicos y organismo tributario provincial<br \/>\nInforme expedido por el Registro de Deudores Alimentarios Morosos<\/p>\n<p>&gt;&gt; Informe sobre directorio y\/o balances societarios libre de quebranto para el caso de personas jur\u00eddicas<\/p>\n<p>Adem\u00e1s, conforme a la Resoluci\u00f3n de Bases y condiciones N\u00b0 13\/2022, el d\u00eda de la subasta, los potenciales adjudicatarios deber\u00e1n asistir con DNI y dinero en efectivo en pesos argentinos, sin excepci\u00f3n, ya que, de ganar una puja, deber\u00e1\u00a0 abonar al contado el valor total de la Comisi\u00f3n de Martillero (3 % bienes Inmuebles y 10% bienes muebles), m\u00e1s la se\u00f1a a Aprad, hasta una suma de $ 30.000, integrando el resto con posterioridad al acto de remate.<\/p>\n","protected":false},"excerpt":{"rendered":"<p>Se llevar\u00e1 a cabo el 4 de abril, en el Centro Cultural Provincial, \u201cFrancisco Paco Urondo\u201d, en la ciudad capital. Los interesados podr\u00e1n inscribirse v\u00eda web oficial, del 9 al 16 de marzo. El gobierno provincial, a trav\u00e9s de la Secretar\u00eda de Justicia, abre la inscripci\u00f3n para la subasta de bienes inmuebles decomisados en operativos, [&hellip;]<\/p>\n","protected":false},"author":3,"featured_media":32577,"comment_status":"closed","ping_status":"closed","sticky":false,"template":"","format":"standard","meta":{"_joinchat":[],"footnotes":""},"categories":[60],"tags":[],"class_list":{"0":"post-32576","1":"post","2":"type-post","3":"status-publish","4":"format-standard","5":"has-post-thumbnail","7":"category-provinciales"},"_links":{"self":[{"href":"https:\/\/infovera.com.ar\/web\/wp-json\/wp\/v2\/posts\/32576","targetHints":{"allow":["GET"]}}],"collection":[{"href":"https:\/\/infovera.com.ar\/web\/wp-json\/wp\/v2\/posts"}],"about":[{"href":"https:\/\/infovera.com.ar\/web\/wp-json\/wp\/v2\/types\/post"}],"author":[{"embeddable":true,"href":"https:\/\/infovera.com.ar\/web\/wp-json\/wp\/v2\/users\/3"}],"replies":[{"embeddable":true,"href":"https:\/\/infovera.com.ar\/web\/wp-json\/wp\/v2\/comments?post=32576"}],"version-history":[{"count":0,"href":"https:\/\/infovera.com.ar\/web\/wp-json\/wp\/v2\/posts\/32576\/revisions"}],"wp:featuredmedia":[{"embeddable":true,"href":"https:\/\/infovera.com.ar\/web\/wp-json\/wp\/v2\/media\/32577"}],"wp:attachment":[{"href":"https:\/\/infovera.com.ar\/web\/wp-json\/wp\/v2\/media?parent=32576"}],"wp:term":[{"taxonomy":"category","embeddable":true,"href":"https:\/\/infovera.com.ar\/web\/wp-json\/wp\/v2\/categories?post=32576"},{"taxonomy":"post_tag","embeddable":true,"href":"https:\/\/infovera.com.ar\/web\/wp-json\/wp\/v2\/tags?post=32576"}],"curies":[{"name":"wp","href":"https:\/\/api.w.org\/{rel}","templated":true}]}}