{"id":32554,"date":"2022-03-08T19:00:13","date_gmt":"2022-03-08T22:00:13","guid":{"rendered":"https:\/\/infovera.com.ar\/web\/?p=32554"},"modified":"2022-03-09T14:41:48","modified_gmt":"2022-03-09T17:41:48","slug":"marcha-por-el-8m-la-deuda-es-con-nosotras","status":"publish","type":"post","link":"https:\/\/infovera.com.ar\/web\/2022\/03\/08\/marcha-por-el-8m-la-deuda-es-con-nosotras\/","title":{"rendered":"Marcha por el 8M: \u201cLa deuda es con nosotras\u201d"},"content":{"rendered":"<p><strong>Una masiva movilizaci\u00f3n surc\u00f3 las calles para conmemorar el D\u00eda de la Mujer en Reconquista. Luego, la columna se concentr\u00f3 en la plaza central. Documento cr\u00edtico.<\/strong><\/p>\n<p>La actividad central por el D\u00eda de la Mujer tuvo en Reconquista como epicentro uno de los costados de la plaza central de la ciudad, enclave al que arrib\u00f3 la columna de unas 300 manifestantes luego de haber partido desde el Monumento de la Mujer, emplazado en la esquina de Bulevar Lovatto y Belgrano, cerca de un kil\u00f3metro al sur.<\/p>\n<p>Con pasacalles y carteles identificatorios de cada colectivo presente y exhibiendo letreros con consignas demandantes de mayores derechos y de igualdad de g\u00e9nero, las integrantes de la Mesa de Mujeres del Norte Santafesino hicieron primero una escala en la intersecci\u00f3n de calles H\u00e1bbeger y General Obligado, centro comercial y neur\u00e1lgico de la urbe, para luego arribar al predio p\u00fablico, donde se dio lectura a un extenso y critico documento alumbrado en conjunto por todas las representaciones presentes.<\/p>\n<p>En ese escrito le\u00eddo a viva voz frente a la medialuna de humanidades que formaron las marchantes en Patricio Diez y General Obligado, centro hist\u00f3rico de Reconquista, pudo escucharse que \u201cla deuda es con nosotras\u201d y una clara posici\u00f3n en rechazo al acuerdo con el FMI.<\/p>\n<p>Mujeres, lesbianas, travestis, trans y no binaries se manifestaron en contra de la pobreza que \u201ccrece e impacta mayoritariamente sobre nosotras. Encabezamos solas, miles de hogares con trabajos mal remunerados, en condiciones de precariedad. y adem\u00e1s hacer frente a inflaci\u00f3n para sostener la econom\u00eda familiar\u201d, de acuerdo a un resumen publicado horas antes en las redes.<\/p>\n<p>Estas condiciones perpet\u00faan las violencias, siendo la dependencia econ\u00f3mica una de las principales causas que \u201cnos impide separarnos de los agresores\u201d, denunciaron, al tiempo que alertaron que \u201clos femicidios, trans\/travesticidios no cesan, la violencia sexual muestra su cara m\u00e1s cruel. Por eso exigimos la aprobaci\u00f3n de la declaraci\u00f3n de la Emergencia Nacional en Violencia de G\u00e9nero\u201d.<\/p>\n<p>Luego, dejaron en claro que este 8M la demandas son: igual salario por igual trabajo, trabajo digno; cupo laboral y ley integral travesti &#8211; trans sin discrecionalidad; reconocimiento econ\u00f3mico para el trabajo comunitario, reconocimiento para los trabajos de reproducci\u00f3n social ( om\u00e9sticos y de cuidado), b\u00fasqueda y acompa\u00f1amiento de familiares de desaparecidxs en democracia y pol\u00edticas efectivas e integrales para abordar la violencia machista.<\/p>\n<p>Por \u00faltimo y tras apuntar contra los sistemas judicial, pol\u00edtico, eclesi\u00e1stico y parte de la sociedad que no acciona ante los femicidios, pronunciaron el nombre de v\u00edctimas del norte santafesino: Mariela Ben\u00edtez, enero del 2020 en Alejandra; Marisa Altamirano, febrero del 2020 en Las Toscas; Carolina Ruiz, julio del 2020 en Reconquista; Roc\u00edo Vera, julio del 2020 en Reconquista; Yamila Valenzuela, noviembre del 2020 en Reconquista; Ana Mar\u00eda Acevedo, Rosal\u00eda Jara, Vanesa Zabala.<\/p>\n<p>\u201cVivas, libres y desendeudadas nos queremos\u201d, concluyeron.<\/p>\n<p><iframe loading=\"lazy\" title=\"Marcha del 8M en Reconquista\" width=\"696\" height=\"392\" src=\"https:\/\/www.youtube.com\/embed\/Aj9LVG5SZV0?feature=oembed\" frameborder=\"0\" allow=\"accelerometer; autoplay; clipboard-write; encrypted-media; gyroscope; picture-in-picture; web-share\" referrerpolicy=\"strict-origin-when-cross-origin\" allowfullscreen><\/iframe><\/p>\n","protected":false},"excerpt":{"rendered":"<p>Una masiva movilizaci\u00f3n surc\u00f3 las calles para conmemorar el D\u00eda de la Mujer en Reconquista. Luego, la columna se concentr\u00f3 en la plaza central. Documento cr\u00edtico. La actividad central por el D\u00eda de la Mujer tuvo en Reconquista como epicentro uno de los costados de la plaza central de la ciudad, enclave al que arrib\u00f3 [&hellip;]<\/p>\n","protected":false},"author":3,"featured_media":32555,"comment_status":"closed","ping_status":"closed","sticky":false,"template":"","format":"standard","meta":{"_joinchat":[],"footnotes":""},"categories":[55],"tags":[],"class_list":{"0":"post-32554","1":"post","2":"type-post","3":"status-publish","4":"format-standard","5":"has-post-thumbnail","7":"category-reconquista"},"_links":{"self":[{"href":"https:\/\/infovera.com.ar\/web\/wp-json\/wp\/v2\/posts\/32554","targetHints":{"allow":["GET"]}}],"collection":[{"href":"https:\/\/infovera.com.ar\/web\/wp-json\/wp\/v2\/posts"}],"about":[{"href":"https:\/\/infovera.com.ar\/web\/wp-json\/wp\/v2\/types\/post"}],"author":[{"embeddable":true,"href":"https:\/\/infovera.com.ar\/web\/wp-json\/wp\/v2\/users\/3"}],"replies":[{"embeddable":true,"href":"https:\/\/infovera.com.ar\/web\/wp-json\/wp\/v2\/comments?post=32554"}],"version-history":[{"count":0,"href":"https:\/\/infovera.com.ar\/web\/wp-json\/wp\/v2\/posts\/32554\/revisions"}],"wp:featuredmedia":[{"embeddable":true,"href":"https:\/\/infovera.com.ar\/web\/wp-json\/wp\/v2\/media\/32555"}],"wp:attachment":[{"href":"https:\/\/infovera.com.ar\/web\/wp-json\/wp\/v2\/media?parent=32554"}],"wp:term":[{"taxonomy":"category","embeddable":true,"href":"https:\/\/infovera.com.ar\/web\/wp-json\/wp\/v2\/categories?post=32554"},{"taxonomy":"post_tag","embeddable":true,"href":"https:\/\/infovera.com.ar\/web\/wp-json\/wp\/v2\/tags?post=32554"}],"curies":[{"name":"wp","href":"https:\/\/api.w.org\/{rel}","templated":true}]}}