{"id":32523,"date":"2022-03-08T11:53:05","date_gmt":"2022-03-08T14:53:05","guid":{"rendered":"https:\/\/infovera.com.ar\/web\/?p=32523"},"modified":"2022-03-09T12:21:06","modified_gmt":"2022-03-09T15:21:06","slug":"el-ciervo-axis-que-fue-rescatado-por-los-pumas-ya-esta-en-granja-la-esmeralda","status":"publish","type":"post","link":"https:\/\/infovera.com.ar\/web\/2022\/03\/08\/el-ciervo-axis-que-fue-rescatado-por-los-pumas-ya-esta-en-granja-la-esmeralda\/","title":{"rendered":"El ciervo axis que fue rescatado por Los Pumas ya est\u00e1 en Granja &#8220;La Esmeralda&#8221;"},"content":{"rendered":"<p><strong>Fue trasladado a Santa Fe como paso previo a su liberaci\u00f3n en su h\u00e1bitat natural.<\/strong><\/p>\n<p>En la tarde se ayer apareci\u00f3 en la zona de Ruta 11 y Presidente Per\u00f3n. Lo hab\u00edan atrapado unos j\u00f3venes pero la r\u00e1pida acci\u00f3n de la poliicia rural permiti\u00f3 salvarle la vida.<\/p>\n<p><a href=\"https:\/\/infovera.com.ar\/web\/wp-content\/uploads\/2022\/03\/IMG-20220308-WA0027.jpg\"><img loading=\"lazy\" decoding=\"async\" class=\"alignleft size-medium wp-image-32526\" src=\"https:\/\/infovera.com.ar\/web\/wp-content\/uploads\/2022\/03\/IMG-20220308-WA0027-290x300.jpg\" alt=\"\" width=\"290\" height=\"300\" srcset=\"https:\/\/infovera.com.ar\/web\/wp-content\/uploads\/2022\/03\/IMG-20220308-WA0027-290x300.jpg 290w, https:\/\/infovera.com.ar\/web\/wp-content\/uploads\/2022\/03\/IMG-20220308-WA0027-768x795.jpg 768w, https:\/\/infovera.com.ar\/web\/wp-content\/uploads\/2022\/03\/IMG-20220308-WA0027-696x721.jpg 696w, https:\/\/infovera.com.ar\/web\/wp-content\/uploads\/2022\/03\/IMG-20220308-WA0027-406x420.jpg 406w, https:\/\/infovera.com.ar\/web\/wp-content\/uploads\/2022\/03\/IMG-20220308-WA0027.jpg 900w\" sizes=\"auto, (max-width: 290px) 100vw, 290px\" \/><\/a><\/p>\n","protected":false},"excerpt":{"rendered":"<p>Fue trasladado a Santa Fe como paso previo a su liberaci\u00f3n en su h\u00e1bitat natural. En la tarde se ayer apareci\u00f3 en la zona de Ruta 11 y Presidente Per\u00f3n. Lo hab\u00edan atrapado unos j\u00f3venes pero la r\u00e1pida acci\u00f3n de la poliicia rural permiti\u00f3 salvarle la vida.<\/p>\n","protected":false},"author":3,"featured_media":32525,"comment_status":"closed","ping_status":"closed","sticky":false,"template":"","format":"standard","meta":{"_joinchat":[],"footnotes":""},"categories":[53],"tags":[],"class_list":{"0":"post-32523","1":"post","2":"type-post","3":"status-publish","4":"format-standard","5":"has-post-thumbnail","7":"category-vera"},"_links":{"self":[{"href":"https:\/\/infovera.com.ar\/web\/wp-json\/wp\/v2\/posts\/32523","targetHints":{"allow":["GET"]}}],"collection":[{"href":"https:\/\/infovera.com.ar\/web\/wp-json\/wp\/v2\/posts"}],"about":[{"href":"https:\/\/infovera.com.ar\/web\/wp-json\/wp\/v2\/types\/post"}],"author":[{"embeddable":true,"href":"https:\/\/infovera.com.ar\/web\/wp-json\/wp\/v2\/users\/3"}],"replies":[{"embeddable":true,"href":"https:\/\/infovera.com.ar\/web\/wp-json\/wp\/v2\/comments?post=32523"}],"version-history":[{"count":0,"href":"https:\/\/infovera.com.ar\/web\/wp-json\/wp\/v2\/posts\/32523\/revisions"}],"wp:featuredmedia":[{"embeddable":true,"href":"https:\/\/infovera.com.ar\/web\/wp-json\/wp\/v2\/media\/32525"}],"wp:attachment":[{"href":"https:\/\/infovera.com.ar\/web\/wp-json\/wp\/v2\/media?parent=32523"}],"wp:term":[{"taxonomy":"category","embeddable":true,"href":"https:\/\/infovera.com.ar\/web\/wp-json\/wp\/v2\/categories?post=32523"},{"taxonomy":"post_tag","embeddable":true,"href":"https:\/\/infovera.com.ar\/web\/wp-json\/wp\/v2\/tags?post=32523"}],"curies":[{"name":"wp","href":"https:\/\/api.w.org\/{rel}","templated":true}]}}