{"id":32394,"date":"2022-03-04T21:14:04","date_gmt":"2022-03-05T00:14:04","guid":{"rendered":"https:\/\/infovera.com.ar\/web\/?p=32394"},"modified":"2022-03-04T21:14:04","modified_gmt":"2022-03-05T00:14:04","slug":"inicio-el-ciclo-lectivo-2022-en-vera","status":"publish","type":"post","link":"https:\/\/infovera.com.ar\/web\/2022\/03\/04\/inicio-el-ciclo-lectivo-2022-en-vera\/","title":{"rendered":"Inici\u00f3 el ciclo lectivo 2022 en Vera"},"content":{"rendered":"<p>Las calles recuperaron la vida con el movimiento que genera la vuelta de los chicos a las escuelas y otra vez se repiti\u00f3 la escena de las madres acompa\u00f1ando a los que ingresaban por primera vez.<\/p>\n<p>Sensaciones encontradas con l\u00e1grimas de emoci\u00f3n y alegr\u00eda en un pa\u00eds que trata de recuperar su normalidad y en Vera eso se not\u00f3.<\/p>\n<p>El acto oficial de apertura del ciclo lectivo, luego del paro de 48 horas decretado por los docentes -oficiales y privados- se realiz\u00f3 en la Escuela N\u00ba 443 \u201cPablo Pizzurno\u201d, con la presencia del director provincial de Educaci\u00f3n F\u00edsica, Alfredo Giansily; el delegado de la Regi\u00f3n II de Educaci\u00f3n, Roberto Lorenzini; la coordinadora pedag\u00f3gica, Beatr\u00edz Royo; la intendente Paula Mitre; el responsable del \u00e1rea Deportes de la Municipalidad, Federico Moral; la supervisora seccional, Alejandra Salvagiot; la delegada de Amsafe Vera, Nelcy Suligoy y el coordinador de Verano Activo, Dar\u00edo Nievas; quienes fueron recibidos por las palabras de bienvenida de la directora del establecimiento Susana Montenegro ante el personal docente, cooperadores, padres y alumnos que volvieron a mostrar una imagen que se hab\u00eda olvidado y se pudo recuperar despu\u00e9s de dos largos a\u00f1os.<\/p>\n<p>&nbsp;<\/p>\n<p><em><strong>Letyana Press<\/strong><\/em><\/p>\n","protected":false},"excerpt":{"rendered":"<p>Las calles recuperaron la vida con el movimiento que genera la vuelta de los chicos a las escuelas y otra vez se repiti\u00f3 la escena de las madres acompa\u00f1ando a los que ingresaban por primera vez. Sensaciones encontradas con l\u00e1grimas de emoci\u00f3n y alegr\u00eda en un pa\u00eds que trata de recuperar su normalidad y en [&hellip;]<\/p>\n","protected":false},"author":3,"featured_media":32395,"comment_status":"closed","ping_status":"closed","sticky":false,"template":"","format":"standard","meta":{"_joinchat":[],"footnotes":""},"categories":[39,51,53],"tags":[],"class_list":{"0":"post-32394","1":"post","2":"type-post","3":"status-publish","4":"format-standard","5":"has-post-thumbnail","7":"category-educacion","8":"category-locales","9":"category-vera"},"_links":{"self":[{"href":"https:\/\/infovera.com.ar\/web\/wp-json\/wp\/v2\/posts\/32394","targetHints":{"allow":["GET"]}}],"collection":[{"href":"https:\/\/infovera.com.ar\/web\/wp-json\/wp\/v2\/posts"}],"about":[{"href":"https:\/\/infovera.com.ar\/web\/wp-json\/wp\/v2\/types\/post"}],"author":[{"embeddable":true,"href":"https:\/\/infovera.com.ar\/web\/wp-json\/wp\/v2\/users\/3"}],"replies":[{"embeddable":true,"href":"https:\/\/infovera.com.ar\/web\/wp-json\/wp\/v2\/comments?post=32394"}],"version-history":[{"count":0,"href":"https:\/\/infovera.com.ar\/web\/wp-json\/wp\/v2\/posts\/32394\/revisions"}],"wp:featuredmedia":[{"embeddable":true,"href":"https:\/\/infovera.com.ar\/web\/wp-json\/wp\/v2\/media\/32395"}],"wp:attachment":[{"href":"https:\/\/infovera.com.ar\/web\/wp-json\/wp\/v2\/media?parent=32394"}],"wp:term":[{"taxonomy":"category","embeddable":true,"href":"https:\/\/infovera.com.ar\/web\/wp-json\/wp\/v2\/categories?post=32394"},{"taxonomy":"post_tag","embeddable":true,"href":"https:\/\/infovera.com.ar\/web\/wp-json\/wp\/v2\/tags?post=32394"}],"curies":[{"name":"wp","href":"https:\/\/api.w.org\/{rel}","templated":true}]}}