{"id":32385,"date":"2022-03-04T14:37:17","date_gmt":"2022-03-04T17:37:17","guid":{"rendered":"https:\/\/infovera.com.ar\/web\/?p=32385"},"modified":"2022-03-04T14:37:17","modified_gmt":"2022-03-04T17:37:17","slug":"inicio-de-clases-en-el-nivel-secundario-amsafe-expreso-su-profundo-malestar-con-educacion","status":"publish","type":"post","link":"https:\/\/infovera.com.ar\/web\/2022\/03\/04\/inicio-de-clases-en-el-nivel-secundario-amsafe-expreso-su-profundo-malestar-con-educacion\/","title":{"rendered":"Inicio de clases en el nivel secundario: AMSAFE expres\u00f3 su &#8220;profundo malestar&#8221; con Educaci\u00f3n"},"content":{"rendered":"<p><strong>Comunicado de AMSAFE.<\/strong><\/p>\n<p>Ante el comienzo del ciclo lectivo del nivel secundario en la provincia de Santa Fe, donde la tan mentada calidad educativa est\u00e1 m\u00e1s ligada a garantizar mayor cantidad de d\u00edas que construir colectivamente una educaci\u00f3n inclusiva, solidaria, profundamente democr\u00e1tica y emancipadora, AMSAFE expresa su preocupaci\u00f3n ante la incertidumbre, compartiendo el malestar que estas pol\u00edticas educativas generan en la docencia santafesina.<\/p>\n<p>Todo proceso de transformaci\u00f3n, como el qu la pandemia nos \u201cexigi\u00f3\u201d, debe contar con la participaci\u00f3n plena y pertinente de todas y todos los involucrados en la comunidad educativa, y no a trav\u00e9s de medidas unilaterales y comunicadas por circulares confusas que llegan a destiempo a las escuelas, impactando fuertemente en las organizaciones escolares.<\/p>\n<p>Las circulares y la informaci\u00f3n emitida por las Regionales de Educaci\u00f3n sin el acompa\u00f1amiento de las autoridades ministeriales, sin formaci\u00f3n permanente y en servicio, sin participaci\u00f3n en la toma de decisi\u00f3n por parte de los involucrados, conlleva a debilitar el sistema educativo, alimentando la idea del caos y de la crisis que los sectores neoliberales motorizan para vaciar de sentidos a la educaci\u00f3n p\u00fablica, avasallando derechos conquistados a trav\u00e9s de hist\u00f3ricas luchas.<\/p>\n<p>Cabe resaltar que, en este contexto hist\u00f3rico, las instituciones escolares maximizan esfuerzos para acompa\u00f1ar las trayectorias de estudiantes con mayores dificultades, garantizando su permanencia en un Sistema signado por marchas y contramarchas que, lejos del acompa\u00f1amiento a la docencia, la abandona en un claro acto de desautorizaci\u00f3n pedag\u00f3gica.<\/p>\n<p>El gobierno no puede seguir \u201cequivoc\u00e1ndose\u201d en detrimento de la Educaci\u00f3n P\u00fablica, alentando la desaz\u00f3n de quienes vienen sosteni\u00e9ndola, las y los trabajadores de la Educaci\u00f3n.<\/p>\n<p>Es imprescindible mejorar las condiciones de trabajo. No es posible albergar con calidad y dignidad humana a estudiantes en aulas sobrepobladas, deterioradas en escuelas cuya infraestructura se dise\u00f1\u00f3 y construy\u00f3 para una determinada cantidad de estudiantes y docentes que, con a\u00f1os de desinversi\u00f3n, se vieron obligadas a duplicar su matr\u00edcula, vulnerando el derecho a la educaci\u00f3n y la sobrecarga laboral de docentes.<\/p>\n<p>En este contexto tan complejo, marcado por las diferentes realidades de nuestros estudiantes acentuado por la pandemia, el Ministerio de Educaci\u00f3n debe iniciar un ciclo lectivo gradual. Con una fuerte inversi\u00f3n en los edificios escolares, construcci\u00f3n de escuelas y aulas, reparando las que lo necesiten, creando cargos y horas, para comenzar a transitar la transformaci\u00f3n educativa secundaria que nuestro Pueblo necesita.<\/p>\n<p>Desde AMSAFE afirmamos, una vez m\u00e1s, que el \u00e1mbito paritario es el lugar para construir las pol\u00edticas p\u00fablicas \u2013 educativas que garanticen plenamente el Derecho Social a la Educaci\u00f3n de cada estudiante del nivel secundario.<\/p>\n","protected":false},"excerpt":{"rendered":"<p>Comunicado de AMSAFE. Ante el comienzo del ciclo lectivo del nivel secundario en la provincia de Santa Fe, donde la tan mentada calidad educativa est\u00e1 m\u00e1s ligada a garantizar mayor cantidad de d\u00edas que construir colectivamente una educaci\u00f3n inclusiva, solidaria, profundamente democr\u00e1tica y emancipadora, AMSAFE expresa su preocupaci\u00f3n ante la incertidumbre, compartiendo el malestar que [&hellip;]<\/p>\n","protected":false},"author":3,"featured_media":22228,"comment_status":"closed","ping_status":"closed","sticky":false,"template":"","format":"standard","meta":{"_joinchat":[],"footnotes":""},"categories":[66],"tags":[],"class_list":{"0":"post-32385","1":"post","2":"type-post","3":"status-publish","4":"format-standard","5":"has-post-thumbnail","7":"category-politica"},"_links":{"self":[{"href":"https:\/\/infovera.com.ar\/web\/wp-json\/wp\/v2\/posts\/32385","targetHints":{"allow":["GET"]}}],"collection":[{"href":"https:\/\/infovera.com.ar\/web\/wp-json\/wp\/v2\/posts"}],"about":[{"href":"https:\/\/infovera.com.ar\/web\/wp-json\/wp\/v2\/types\/post"}],"author":[{"embeddable":true,"href":"https:\/\/infovera.com.ar\/web\/wp-json\/wp\/v2\/users\/3"}],"replies":[{"embeddable":true,"href":"https:\/\/infovera.com.ar\/web\/wp-json\/wp\/v2\/comments?post=32385"}],"version-history":[{"count":0,"href":"https:\/\/infovera.com.ar\/web\/wp-json\/wp\/v2\/posts\/32385\/revisions"}],"wp:featuredmedia":[{"embeddable":true,"href":"https:\/\/infovera.com.ar\/web\/wp-json\/wp\/v2\/media\/22228"}],"wp:attachment":[{"href":"https:\/\/infovera.com.ar\/web\/wp-json\/wp\/v2\/media?parent=32385"}],"wp:term":[{"taxonomy":"category","embeddable":true,"href":"https:\/\/infovera.com.ar\/web\/wp-json\/wp\/v2\/categories?post=32385"},{"taxonomy":"post_tag","embeddable":true,"href":"https:\/\/infovera.com.ar\/web\/wp-json\/wp\/v2\/tags?post=32385"}],"curies":[{"name":"wp","href":"https:\/\/api.w.org\/{rel}","templated":true}]}}