{"id":32374,"date":"2022-03-04T14:24:11","date_gmt":"2022-03-04T17:24:11","guid":{"rendered":"https:\/\/infovera.com.ar\/web\/?p=32374"},"modified":"2022-03-04T14:24:11","modified_gmt":"2022-03-04T17:24:11","slug":"alerta-por-tormentas-fuertes-con-lluvias-intensas-para-el-departamento-vera","status":"publish","type":"post","link":"https:\/\/infovera.com.ar\/web\/2022\/03\/04\/alerta-por-tormentas-fuertes-con-lluvias-intensas-para-el-departamento-vera\/","title":{"rendered":"Alerta por tormentas fuertes con lluvias intensas para el departamento Vera"},"content":{"rendered":"<p><strong>El aviso a corto plazo fue emitido por el Servicio Meteorol\u00f3gico Nacional.<\/strong><\/p>\n<p><strong>Zonas:\u00a0<\/strong><\/p>\n<p>SANTIAGO DEL ESTERO: Rivadavia.<br \/>\nSANTA FE: 9 de Julio &#8211; Castellanos &#8211; Las Colonias &#8211; San Cristobal &#8211; San Justo &#8211; Vera.<br \/>\nCORDOBA: San Justo.<\/p>\n<p>Fecha de emisi\u00f3n: 04\/03\/2022 a las 13:15h.<br \/>\nValidez hasta: Tres (3) horas desde la emisi\u00f3n.<\/p>\n<p><strong>Medidas de protecci\u00f3n: <\/strong><\/p>\n<p>1- Permanec\u00e9 en construcciones cerradas como casas, escuelas o edificios p\u00fablicos.<\/p>\n<p>2- Mantenete alejado de artefactos el\u00e9ctricos y evit\u00e1 el uso de tel\u00e9fonos con cable.<\/p>\n<p>3- Evit\u00e1 circular por calles inundadas o afectadas.<\/p>\n<p>4- Si hay riesgo de que el agua ingrese en tu casa, corta el suministro el\u00e9ctrico.<\/p>\n<p>5- Evit\u00e1 actividades al aire libre.<\/p>\n<p>6- Para minimizar el riesgo de ser alcanzado por un rayo, no permanezcas en playas, r\u00edos, lagunas o piletas.<\/p>\n<p>Los fen\u00f3menos indicados en el ACP fueron detectados con radares meteorol\u00f3gicos.<\/p>\n","protected":false},"excerpt":{"rendered":"<p>El aviso a corto plazo fue emitido por el Servicio Meteorol\u00f3gico Nacional. Zonas:\u00a0 SANTIAGO DEL ESTERO: Rivadavia. SANTA FE: 9 de Julio &#8211; Castellanos &#8211; Las Colonias &#8211; San Cristobal &#8211; San Justo &#8211; Vera. CORDOBA: San Justo. Fecha de emisi\u00f3n: 04\/03\/2022 a las 13:15h. Validez hasta: Tres (3) horas desde la emisi\u00f3n. Medidas de [&hellip;]<\/p>\n","protected":false},"author":3,"featured_media":32376,"comment_status":"closed","ping_status":"closed","sticky":false,"template":"","format":"standard","meta":{"_joinchat":[],"footnotes":""},"categories":[51],"tags":[],"class_list":{"0":"post-32374","1":"post","2":"type-post","3":"status-publish","4":"format-standard","5":"has-post-thumbnail","7":"category-locales"},"_links":{"self":[{"href":"https:\/\/infovera.com.ar\/web\/wp-json\/wp\/v2\/posts\/32374","targetHints":{"allow":["GET"]}}],"collection":[{"href":"https:\/\/infovera.com.ar\/web\/wp-json\/wp\/v2\/posts"}],"about":[{"href":"https:\/\/infovera.com.ar\/web\/wp-json\/wp\/v2\/types\/post"}],"author":[{"embeddable":true,"href":"https:\/\/infovera.com.ar\/web\/wp-json\/wp\/v2\/users\/3"}],"replies":[{"embeddable":true,"href":"https:\/\/infovera.com.ar\/web\/wp-json\/wp\/v2\/comments?post=32374"}],"version-history":[{"count":0,"href":"https:\/\/infovera.com.ar\/web\/wp-json\/wp\/v2\/posts\/32374\/revisions"}],"wp:featuredmedia":[{"embeddable":true,"href":"https:\/\/infovera.com.ar\/web\/wp-json\/wp\/v2\/media\/32376"}],"wp:attachment":[{"href":"https:\/\/infovera.com.ar\/web\/wp-json\/wp\/v2\/media?parent=32374"}],"wp:term":[{"taxonomy":"category","embeddable":true,"href":"https:\/\/infovera.com.ar\/web\/wp-json\/wp\/v2\/categories?post=32374"},{"taxonomy":"post_tag","embeddable":true,"href":"https:\/\/infovera.com.ar\/web\/wp-json\/wp\/v2\/tags?post=32374"}],"curies":[{"name":"wp","href":"https:\/\/api.w.org\/{rel}","templated":true}]}}