{"id":32366,"date":"2022-03-04T12:01:59","date_gmt":"2022-03-04T15:01:59","guid":{"rendered":"https:\/\/infovera.com.ar\/web\/?p=32366"},"modified":"2022-03-05T12:54:32","modified_gmt":"2022-03-05T15:54:32","slug":"marcelo-vanney-integra-la-nueva-comision-directiva-de-festram","status":"publish","type":"post","link":"https:\/\/infovera.com.ar\/web\/2022\/03\/04\/marcelo-vanney-integra-la-nueva-comision-directiva-de-festram\/","title":{"rendered":"Marcelo Vanney integra la nueva comisi\u00f3n directiva de FESTRAM"},"content":{"rendered":"<p><strong>El dirigente gremial y secretario seccional de ASOEM Calchaqu\u00ed intregra el renovado Consejo Directivo de FESTRAM que asumi\u00f3 el jueves.<\/strong><\/p>\n<p>Marcelo Vanney ocupa el puesto de Pro-Secretario de Formaci\u00f3n Profesional de la nueva comisi\u00f3n directiva de la central gremial municipal, electa el 14 de diciembre en el Congreso Ordinario de la Federaci\u00f3n de Sindicatos de Trabajadores Municipales de la Provincia de Santa Fe.<\/p>\n<p>Es un logro cimentado en a\u00f1os de lucha, responsabilidad y gesti\u00f3n por la causa municipal. Tiene mandato hasta marzo de 2026.<\/p>\n<p>Por su parte, Claudio Leoni, quien era el secretario general, dej\u00f3 su cargo en el \u00e1rea a Ignacio Jes\u00fas Monz\u00f3n, que ya comenz\u00f3 con sus tareas en el puesto. La primera medida gremial ser\u00e1 negociar las paritarias.<\/p>\n","protected":false},"excerpt":{"rendered":"<p>El dirigente gremial y secretario seccional de ASOEM Calchaqu\u00ed intregra el renovado Consejo Directivo de FESTRAM que asumi\u00f3 el jueves. Marcelo Vanney ocupa el puesto de Pro-Secretario de Formaci\u00f3n Profesional de la nueva comisi\u00f3n directiva de la central gremial municipal, electa el 14 de diciembre en el Congreso Ordinario de la Federaci\u00f3n de Sindicatos de [&hellip;]<\/p>\n","protected":false},"author":3,"featured_media":32367,"comment_status":"closed","ping_status":"closed","sticky":false,"template":"","format":"standard","meta":{"_joinchat":[],"footnotes":""},"categories":[52],"tags":[],"class_list":{"0":"post-32366","1":"post","2":"type-post","3":"status-publish","4":"format-standard","5":"has-post-thumbnail","7":"category-calchaqui"},"_links":{"self":[{"href":"https:\/\/infovera.com.ar\/web\/wp-json\/wp\/v2\/posts\/32366","targetHints":{"allow":["GET"]}}],"collection":[{"href":"https:\/\/infovera.com.ar\/web\/wp-json\/wp\/v2\/posts"}],"about":[{"href":"https:\/\/infovera.com.ar\/web\/wp-json\/wp\/v2\/types\/post"}],"author":[{"embeddable":true,"href":"https:\/\/infovera.com.ar\/web\/wp-json\/wp\/v2\/users\/3"}],"replies":[{"embeddable":true,"href":"https:\/\/infovera.com.ar\/web\/wp-json\/wp\/v2\/comments?post=32366"}],"version-history":[{"count":0,"href":"https:\/\/infovera.com.ar\/web\/wp-json\/wp\/v2\/posts\/32366\/revisions"}],"wp:featuredmedia":[{"embeddable":true,"href":"https:\/\/infovera.com.ar\/web\/wp-json\/wp\/v2\/media\/32367"}],"wp:attachment":[{"href":"https:\/\/infovera.com.ar\/web\/wp-json\/wp\/v2\/media?parent=32366"}],"wp:term":[{"taxonomy":"category","embeddable":true,"href":"https:\/\/infovera.com.ar\/web\/wp-json\/wp\/v2\/categories?post=32366"},{"taxonomy":"post_tag","embeddable":true,"href":"https:\/\/infovera.com.ar\/web\/wp-json\/wp\/v2\/tags?post=32366"}],"curies":[{"name":"wp","href":"https:\/\/api.w.org\/{rel}","templated":true}]}}