{"id":32357,"date":"2022-03-04T13:35:17","date_gmt":"2022-03-04T16:35:17","guid":{"rendered":"https:\/\/infovera.com.ar\/web\/?p=32357"},"modified":"2022-03-04T13:49:20","modified_gmt":"2022-03-04T16:49:20","slug":"avellaneda-sera-anfitriona-de-un-nuevo-proyecto-de-cooperacion-internacional","status":"publish","type":"post","link":"https:\/\/infovera.com.ar\/web\/2022\/03\/04\/avellaneda-sera-anfitriona-de-un-nuevo-proyecto-de-cooperacion-internacional\/","title":{"rendered":"Avellaneda ser\u00e1 anfitriona de un nuevo proyecto de cooperaci\u00f3n internacional"},"content":{"rendered":"<div class=\"cats mb-3\">El Intendente Gonzalo Braidot junto a la Coordinadora de Proyectos y Cooperaci\u00f3n internacional, Marianela Bianchi y la asesora jur\u00eddica Gisela Zampar, acompa\u00f1aron, este jueves 3 de marzo, a la comitiva italiana integrada por Daniele Sergon, Sindaco di Capriva de Friuli; Alessio Di Dio, Direttore Legacoop FVG y Graziano Lorenzon, Project Manager, en su paso por Buenos Aires, previo a su arribo en Avellaneda para trabajar en el proyecto Coopstartups que propone generar nexos con el movimiento cooperativo italiano y nutrirnos de su experiencia.<\/div>\n<div><\/div>\n<div><\/div>\n<article class=\"c-dark\">El senador nacional Dionisio Scarpin los recibi\u00f3 en el Senado de la Naci\u00f3n y luego, mantuvieron reuniones con funcionarios de Coninagro e INAES.Avellaneda se prepara para una gran semana!<\/p>\n<p>&nbsp;<\/p>\n<p><strong>El proyecto<\/strong><\/p>\n<p>Esta nueva iniciativa de cooperaci\u00f3n internacional que tiene como socios argentinos a los Municipios de Avellaneda y Sunchales, a AGENPia y ACIA; e italianos a Legacoop FVG y a la Comune di Capriva del Friuli, surge de la necesidad de impulsar pol\u00edticas de autoemprendimiento capaces de promover el empleo juvenil, de fomentar la adopci\u00f3n de la forma cooperativa entre nuevas empresas (startups), y de afirmar la presencia de la cooperaci\u00f3n en nuevos mercados, especialmente en el \u00e1mbito de la innovaci\u00f3n, tecnol\u00f3gica y social.<\/p>\n<\/article>\n","protected":false},"excerpt":{"rendered":"<p>El Intendente Gonzalo Braidot junto a la Coordinadora de Proyectos y Cooperaci\u00f3n internacional, Marianela Bianchi y la asesora jur\u00eddica Gisela Zampar, acompa\u00f1aron, este jueves 3 de marzo, a la comitiva italiana integrada por Daniele Sergon, Sindaco di Capriva de Friuli; Alessio Di Dio, Direttore Legacoop FVG y Graziano Lorenzon, Project Manager, en su paso por [&hellip;]<\/p>\n","protected":false},"author":3,"featured_media":32358,"comment_status":"closed","ping_status":"closed","sticky":false,"template":"","format":"standard","meta":{"_joinchat":[],"footnotes":""},"categories":[55],"tags":[],"class_list":{"0":"post-32357","1":"post","2":"type-post","3":"status-publish","4":"format-standard","5":"has-post-thumbnail","7":"category-reconquista"},"_links":{"self":[{"href":"https:\/\/infovera.com.ar\/web\/wp-json\/wp\/v2\/posts\/32357","targetHints":{"allow":["GET"]}}],"collection":[{"href":"https:\/\/infovera.com.ar\/web\/wp-json\/wp\/v2\/posts"}],"about":[{"href":"https:\/\/infovera.com.ar\/web\/wp-json\/wp\/v2\/types\/post"}],"author":[{"embeddable":true,"href":"https:\/\/infovera.com.ar\/web\/wp-json\/wp\/v2\/users\/3"}],"replies":[{"embeddable":true,"href":"https:\/\/infovera.com.ar\/web\/wp-json\/wp\/v2\/comments?post=32357"}],"version-history":[{"count":0,"href":"https:\/\/infovera.com.ar\/web\/wp-json\/wp\/v2\/posts\/32357\/revisions"}],"wp:featuredmedia":[{"embeddable":true,"href":"https:\/\/infovera.com.ar\/web\/wp-json\/wp\/v2\/media\/32358"}],"wp:attachment":[{"href":"https:\/\/infovera.com.ar\/web\/wp-json\/wp\/v2\/media?parent=32357"}],"wp:term":[{"taxonomy":"category","embeddable":true,"href":"https:\/\/infovera.com.ar\/web\/wp-json\/wp\/v2\/categories?post=32357"},{"taxonomy":"post_tag","embeddable":true,"href":"https:\/\/infovera.com.ar\/web\/wp-json\/wp\/v2\/tags?post=32357"}],"curies":[{"name":"wp","href":"https:\/\/api.w.org\/{rel}","templated":true}]}}